{"id":9732,"date":"2024-02-14T10:25:41","date_gmt":"2024-02-14T09:25:41","guid":{"rendered":"https:\/\/uahe.es\/wordpress\/?p=9732"},"modified":"2024-02-14T10:25:43","modified_gmt":"2024-02-14T09:25:43","slug":"la-maquina-herramienta-cierra-un-ano-record-con-un-incremento-de-la-facturacion-del-171","status":"publish","type":"post","link":"https:\/\/uahe.es\/wordpress\/?p=9732","title":{"rendered":"La M\u00e1quina-Herramienta cierra un a\u00f1o r\u00e9cord con un incremento de la facturaci\u00f3n del 17,1%"},"content":{"rendered":"\n<p><strong><em>Aunque la captaci\u00f3n de pedidos ha comenzado a dar s\u00edntomas de cierto debilitamiento, se prev\u00e9 que pueda recuperar el ritmo en el \u00faltimo semestre del a\u00f1o.<\/em><\/strong><\/p>\n\n\n\n<p><strong><em>Bilbao acoger\u00e1 del 3 al 7 de junio la BIEMH, el gran evento industrial del pa\u00eds, con expectativas muy favorables.<\/em><\/strong><\/p>\n\n\n\n<p class=\"has-vivid-red-color has-text-color has-link-color wp-elements-9a71766a520cd68fd10e7518637d5985\"><strong><em>FACTURACI\u00d3N Y EXPORTACIONES (DATOS PROVISIONALES)<\/em><\/strong><\/p>\n\n\n\n<p>La facturaci\u00f3n total del sector de m\u00e1quinas-herramienta (m\u00e1quinas-herramienta, componentes y herramientas de corte) ha alcanzado su r\u00e9cord hist\u00f3rico en 2023 tras rebasar los 2.000 millones de euros en un a\u00f1o que, aunque empez\u00f3 titubeante, ha mostrado un gran dinamismo creciendo un 17,1% sobre la cifra de 2022. Por subsectores, las m\u00e1quinas han crecido un 21,5%, con la deformaci\u00f3n presentando un magn\u00edfico comportamiento, con un incremento del 37,6% y llegando a los 447 millones de euros, y el arranque tambi\u00e9n en crecimiento con una subida del 15% y 929 millones de euros. Las importantes inversiones del sector de automoci\u00f3n han sido la principal clave del buen rendimiento de la deformaci\u00f3n. Para el arranque sectores como la energ\u00eda o la aeron\u00e1utica, entre otros, han contribuido al crecimiento.<\/p>\n\n\n\n<p>En lo que respecta al resto de subsectores, los componentes y las herramientas de corte se han mantenido con cifras similares a las del a\u00f1o anterior, mientras que otras m\u00e1quinas y servicios, han crecido notablemente, un 27% y un 18%, respectivamente.<\/p>\n\n\n\n<p>Las exportaciones destacan con un crecimiento superior al 20% y 1.552 millones de euros, en un a\u00f1o en que uno de nuestros principales mercados, Alemania, ha atravesado dificultades. Pese a ello, el fort\u00edsimo tir\u00f3n de USA y M\u00e9xico y la materializaci\u00f3n de los pedidos captados en 2022 en Italia, junto con China y Francia han impulsado fuertemente nuestras ventas en el exterior. Es especialmente notable la cifra alcanzada en USA que, por primera vez en a\u00f1os, se sit\u00faa como primer destino de nuestras exportaciones.<\/p>\n\n\n\n<p>En las exportaciones es muy llamativo el crecimiento de la deformaci\u00f3n, que sube un 64% respecto a su cifra de 2022, con 329 millones de euros. El arranque, m\u00e1s comedido, crece un 13%, llegando a los 782 millones de euros.<\/p>\n\n\n\n<p>Jos\u00e9 P\u00e9rez Berdud, presidente de AFM Cl\u00faster:&nbsp;\u201cLa presencia del sector a nivel internacional es la muestra palpable de nuestra competitividad. En los nichos de mercado en los que operamos, mantenemos posiciones muy destacadas, frecuentemente de liderazgo. Es muy rese\u00f1able que la sofisticaci\u00f3n, el nivel tecnol\u00f3gico, el grado de automatizaci\u00f3n, y en consecuencia el precio medio de los equipos que hemos vendido estos \u00faltimos a\u00f1os ha crecido muy significativamente. Estamos accediendo a contratos que hace s\u00f3lo 10 a\u00f1os nos parecer\u00edan impensables.\u201d<\/p>\n\n\n\n<p class=\"has-vivid-red-color has-text-color has-link-color wp-elements-1330461a517651ed20eafd5da0054ad4\"><strong><em>PEDIDOS<\/em><\/strong><\/p>\n\n\n\n<p>Los pedidos, por su parte, han crecido un 12% en 2023, dando continuidad al ejercicio anterior en el que subieron un 11%, con fuerte ascenso de la deformaci\u00f3n (+22,06%) y un crecimiento moderado del arranque (+5,23%). En cuanto al origen de los pedidos hay que destacar la fortaleza de USA y M\u00e9xico que han batido todos sus r\u00e9cords. Alemania se mantiene pese a que transmite cierta debilidad; China, tras dos a\u00f1os muy potentes, ha perdido en 2023 gran parte de lo ganado e Italia con la eliminaci\u00f3n de los incentivos fiscales, vuelve a las cifras habituales del pasado. Espa\u00f1a, por su parte, crece un 34% aunque la cifra absoluta resulta todav\u00eda insuficiente.<\/p>\n\n\n\n<p>Xabier Ortueta, director general de AFM Cl\u00faster: \u201cEn un escenario complicado durante todo 2023, hemos sido capaces de sortear la ca\u00edda de los pedidos que han sufrido algunos de nuestros vecinos. Un mix at\u00edpico de mercados y sectores cliente, con operaciones singulares de alto nivel nos han posibilitado completar un buen a\u00f1o de captaci\u00f3n\u201d.<\/p>\n\n\n\n<p class=\"has-vivid-red-color has-text-color has-link-color wp-elements-285156c97edd753ec8d7ad7abbb6d085\"><br><strong><em>PREVISI\u00d3N 2024<\/em><\/strong><\/p>\n\n\n\n<p>La previsi\u00f3n de facturaci\u00f3n para 2024 es moderadamente optimista tomando en cuenta la interesante cartera de pedidos con la que cerramos el ejercicio 2023. Nuestras estimaciones barajan un crecimiento en torno al 5-7%. Aunque se espera que la captaci\u00f3n de pedidos sufra una desaceleraci\u00f3n en el primer semestre, expertos del sector vaticinan una buena recuperaci\u00f3n en el tramo final del a\u00f1o. En todo caso, ser\u00e1 dif\u00edcil alcanzar los niveles de 2023.<\/p>\n\n\n\n<p>Xabier Ortueta:&nbsp;\u201cLos mercados siguen convulsos, con algunos sectores que se muestran muy pujantes y otros menos. El escenario de alta inflaci\u00f3n y tipos elevados, aunque parece que ha llegado a su punto de inflexi\u00f3n, no favorece la confianza necesaria para invertir. Los an\u00e1lisis de prospectiva apuntan a que la econom\u00eda y tambi\u00e9n los pedidos de m\u00e1quina-herramienta continuar\u00e1n ralentiz\u00e1ndose hasta al menos el \u00faltimo trimestre, y despu\u00e9s, se espera una franca recuperaci\u00f3n para 2025. Confiemos en que as\u00ed sea.\u201d<\/p>\n\n\n\n<p><strong>AFM CL\u00daSTER \u2013 8 de febrero 2024<\/strong><\/p>\n","protected":false},"excerpt":{"rendered":"<p>Aunque la captaci\u00f3n de pedidos ha comenzado a dar s\u00edntomas de cierto debilitamiento, se prev\u00e9 que pueda recuperar el ritmo en el \u00faltimo semestre del a\u00f1o. Bilbao acoger\u00e1 del 3 al 7 de junio la BIEMH, el gran evento industrial del pa\u00eds, con expectativas muy favorables. FACTURACI\u00d3N Y EXPORTACIONES (DATOS PROVISIONALES) La facturaci\u00f3n total del [&hellip;]<\/p>\n","protected":false},"author":199,"featured_media":0,"comment_status":"closed","ping_status":"closed","sticky":false,"template":"","format":"standard","meta":{"_uag_custom_page_level_css":"","site-sidebar-layout":"default","site-content-layout":"","ast-site-content-layout":"default","site-content-style":"default","site-sidebar-style":"default","ast-global-header-display":"","ast-banner-title-visibility":"","ast-main-header-display":"","ast-hfb-above-header-display":"","ast-hfb-below-header-display":"","ast-hfb-mobile-header-display":"","site-post-title":"","ast-breadcrumbs-content":"","ast-featured-img":"","footer-sml-layout":"","ast-disable-related-posts":"","theme-transparent-header-meta":"","adv-header-id-meta":"","stick-header-meta":"","header-above-stick-meta":"","header-main-stick-meta":"","header-below-stick-meta":"","astra-migrate-meta-layouts":"set","ast-page-background-enabled":"default","ast-page-background-meta":{"desktop":{"background-color":"var(--ast-global-color-4)","background-image":"","background-repeat":"repeat","background-position":"center center","background-size":"auto","background-attachment":"scroll","background-type":"","background-media":"","overlay-type":"","overlay-color":"","overlay-opacity":"","overlay-gradient":""},"tablet":{"background-color":"","background-image":"","background-repeat":"repeat","background-position":"center center","background-size":"auto","background-attachment":"scroll","background-type":"","background-media":"","overlay-type":"","overlay-color":"","overlay-opacity":"","overlay-gradient":""},"mobile":{"background-color":"","background-image":"","background-repeat":"repeat","background-position":"center center","background-size":"auto","background-attachment":"scroll","background-type":"","background-media":"","overlay-type":"","overlay-color":"","overlay-opacity":"","overlay-gradient":""}},"ast-content-background-meta":{"desktop":{"background-color":"var(--ast-global-color-5)","background-image":"","background-repeat":"repeat","background-position":"center center","background-size":"auto","background-attachment":"scroll","background-type":"","background-media":"","overlay-type":"","overlay-color":"","overlay-opacity":"","overlay-gradient":""},"tablet":{"background-color":"var(--ast-global-color-5)","background-image":"","background-repeat":"repeat","background-position":"center center","background-size":"auto","background-attachment":"scroll","background-type":"","background-media":"","overlay-type":"","overlay-color":"","overlay-opacity":"","overlay-gradient":""},"mobile":{"background-color":"var(--ast-global-color-5)","background-image":"","background-repeat":"repeat","background-position":"center center","background-size":"auto","background-attachment":"scroll","background-type":"","background-media":"","overlay-type":"","overlay-color":"","overlay-opacity":"","overlay-gradient":""}},"footnotes":""},"categories":[9],"tags":[],"class_list":["post-9732","post","type-post","status-publish","format-standard","hentry","category-noticias"],"uagb_featured_image_src":{"full":false,"thumbnail":false,"medium":false,"medium_large":false,"large":false,"1536x1536":false,"2048x2048":false},"uagb_author_info":{"display_name":"editor","author_link":"https:\/\/uahe.es\/wordpress\/?author=199"},"uagb_comment_info":0,"uagb_excerpt":"Aunque la captaci\u00f3n de pedidos ha comenzado a dar s\u00edntomas de cierto debilitamiento, se prev\u00e9 que pueda recuperar el ritmo en el \u00faltimo semestre del a\u00f1o. Bilbao acoger\u00e1 del 3 al 7 de junio la BIEMH, el gran evento industrial del pa\u00eds, con expectativas muy favorables. FACTURACI\u00d3N Y EXPORTACIONES (DATOS PROVISIONALES) La facturaci\u00f3n total del&hellip;","_links":{"self":[{"href":"https:\/\/uahe.es\/wordpress\/index.php?rest_route=\/wp\/v2\/posts\/9732","targetHints":{"allow":["GET"]}}],"collection":[{"href":"https:\/\/uahe.es\/wordpress\/index.php?rest_route=\/wp\/v2\/posts"}],"about":[{"href":"https:\/\/uahe.es\/wordpress\/index.php?rest_route=\/wp\/v2\/types\/post"}],"author":[{"embeddable":true,"href":"https:\/\/uahe.es\/wordpress\/index.php?rest_route=\/wp\/v2\/users\/199"}],"replies":[{"embeddable":true,"href":"https:\/\/uahe.es\/wordpress\/index.php?rest_route=%2Fwp%2Fv2%2Fcomments&post=9732"}],"version-history":[{"count":1,"href":"https:\/\/uahe.es\/wordpress\/index.php?rest_route=\/wp\/v2\/posts\/9732\/revisions"}],"predecessor-version":[{"id":9733,"href":"https:\/\/uahe.es\/wordpress\/index.php?rest_route=\/wp\/v2\/posts\/9732\/revisions\/9733"}],"wp:attachment":[{"href":"https:\/\/uahe.es\/wordpress\/index.php?rest_route=%2Fwp%2Fv2%2Fmedia&parent=9732"}],"wp:term":[{"taxonomy":"category","embeddable":true,"href":"https:\/\/uahe.es\/wordpress\/index.php?rest_route=%2Fwp%2Fv2%2Fcategories&post=9732"},{"taxonomy":"post_tag","embeddable":true,"href":"https:\/\/uahe.es\/wordpress\/index.php?rest_route=%2Fwp%2Fv2%2Ftags&post=9732"}],"curies":[{"name":"wp","href":"https:\/\/api.w.org\/{rel}","templated":true}]}}