{"id":9698,"date":"2024-02-06T10:34:18","date_gmt":"2024-02-06T09:34:18","guid":{"rendered":"https:\/\/uahe.es\/wordpress\/?p=9698"},"modified":"2024-02-06T10:34:19","modified_gmt":"2024-02-06T09:34:19","slug":"la-industria-ante-la-vulnerabilidad-de-las-cadenas-de-suministro-globales","status":"publish","type":"post","link":"https:\/\/uahe.es\/wordpress\/?p=9698","title":{"rendered":"La industria ante la vulnerabilidad de las cadenas de suministro globales"},"content":{"rendered":"\n<p>El presidente del CIAC, Sergio Alcaraz, ha analizado la vulnerabilidad de las cadenas de suministro globales en la industria, que ha quedado patente con la reciente crisis del Mar Rojo. Seg\u00fan Alcaraz&nbsp;\u201ces imperativo y necesario revisar toda la cadena de valor en Europa y replantearla con una estrategia industrial europea a largo plazo\u201d.<\/p>\n\n\n\n<p>El problema log\u00edstico derivado de la rotura de stocks y la escasez de componentes es un ejemplo claro de esta vulnerabilidad mencionada y seg\u00fan Alcaraz,&nbsp;\u201cla dependencia excesiva de rutas mar\u00edtimas espec\u00edficas nos ha dejado expuestos al llamado \u201cefecto mariposa\u201d con eventos imprevistos\u201d, como bloqueos del Canal de Suez o crisis geopol\u00edticas en el Mar Rojo. \u201cLa necesidad de diversificar y fortalecer nuestras fuentes de suministro es m\u00e1s evidente que nunca\u201d, expresa.<\/p>\n\n\n\n<p>Estas crisis, adem\u00e1s de producir grandes demoras en las entregas, aumentan los costes que, tal y como explica Alcaraz \u201chab\u00edan empezado a equilibrarse despu\u00e9s de alcanzar m\u00e1ximos durante la pandemia\u201d.&nbsp;Advierte que ahora no solo son escasos los contenedores, sino que los barcos tampoco est\u00e1n en el lugar correcto en el momento indicado. Y, por tanto, a corto plazo, los retrasos en las entregas son inevitables.<\/p>\n\n\n\n<p>Ante esta situaci\u00f3n,&nbsp;las empresas se han visto obligadas a fletar aviones para traer componentes e intentar as\u00ed no parar l\u00edneas de producci\u00f3n. Pero estas acciones llevan consigo incrementos de coste significativos&nbsp;que si se alargan pueden tener un impacto en los precios y en el esfuerzo por reducir los niveles de inflaci\u00f3n. \u201cDebemos reconsiderar nuestra estrategia de aprovisionamiento. Una cadena de suministro resiliente es clave\u201d, advierte Alcaraz.&nbsp;<\/p>\n\n\n\n<p>La soluci\u00f3n no es f\u00e1cil, remarca el presidente del CIAC,&nbsp;pero el replantear una cadena de suministro en esta estrategia industrial europea pasa por:&nbsp;favorecer la colaboraci\u00f3n con la estructura de proveedores europeos establecidos que trabajan con \u00e9xito y reducir la dependencia asi\u00e1tica en la industria.&nbsp;A trav\u00e9s de la relocalizaci\u00f3n en componentes clave dentro del ecosistema de movilidad sostenible del futuro; y buscar proveedores log\u00edsticos alternativos que combinen rutas mar\u00edtimas, terrestres y a\u00e9reas con una monitorizaci\u00f3n constante que reduzca la incertidumbre existente en la cadena de suministro.<\/p>\n\n\n\n<p>Nos encontramos ante un nuevo reto de la industria europea, la relocalizaci\u00f3n lleva consigo el gran desaf\u00edo de reactivar o favorecer industrias clave para el ecosistema de movilidad.&nbsp;Pero mantener el nivel de competitividad del sector y establecer pol\u00edticas europeas que ayude a nuestras empresas, es totalmente necesario en este cambio de realidad y estrategia global.<\/p>\n\n\n\n<p class=\"has-vivid-red-color has-text-color has-link-color wp-elements-a63b58302d93b82446d6f87fb8199c60\"><strong><em>El talento y la especializaci\u00f3n, claves para la industria<\/em><\/strong><em><\/em><\/p>\n\n\n\n<p>M\u00e1s all\u00e1 de evitar demoras, la apuesta por proveedores locales ofrece una oportunidad \u00fanica de revitalizar y promover competencias necesarias para la industria.&nbsp;La crisis actual nos brinda la ocasi\u00f3n de volver a conectar con nuestras ra\u00edces industriales y apostar por oficios nuevos y tradicionales que han sido deslocalizados tras la era de la globalizaci\u00f3n. Esto nos lleva a promover la especializaci\u00f3n y conectar el mundo educativo mediante plataformas de talento, como la que ha impulsado el CIAC, que ayuda a las empresas encontrar perfiles alineados a sus necesidades en un sector que cambia a la velocidad de la luz. &nbsp;Esto implica invertir en programas de formaci\u00f3n, colaborar estrechamente con instituciones educativas y fomentar un ambiente propicio para la innovaci\u00f3n y la creatividad.<\/p>\n\n\n\n<p class=\"has-vivid-red-color has-text-color has-link-color wp-elements-d9fdb4e898d385d6adec97bbb404d2bc\"><strong><em>La sostenibilidad, en el foco de las decisiones<\/em><\/strong><em><\/em><\/p>\n\n\n\n<p>\u201cLa reducci\u00f3n de la dependencia de suministros en otros continentes no solo mitigar\u00e1 los retrasos, sino que tambi\u00e9n contribuir\u00e1 a reducir nuestra huella de carbono,&nbsp;uno de los desaf\u00edos que debemos tener muy en cuenta a la hora de reconfigurar el nuevo mapa de cadenas de suministro en todo el mundo\u201d, explica Alcaraz.&nbsp;<\/p>\n\n\n\n<p>La crisis clim\u00e1tica debe estar en el centro de las decisiones empresariales y trabajar con proveedores locales es un paso fundamental en esa direcci\u00f3n. Al reducir las distancias en la cadena de suministro, se contribuye a minimizar la huella de carbono asociada con el transporte de materias primas y componentes, un paso necesario para crear un mundo m\u00e1s sostenible.<\/p>\n\n\n\n<p>De la misma forma,&nbsp;la relocalizaci\u00f3n ayuda a avanzar en la adopci\u00f3n de pr\u00e1cticas de econom\u00eda circular, donde se minimiza el desperdicio y se maximiza la reutilizaci\u00f3n y el reciclaje de materiales, contribuyendo as\u00ed a una gesti\u00f3n m\u00e1s sostenible de los recursos.&nbsp;\u201cUn paso m\u00e1s en el objetivo com\u00fan de que la automoci\u00f3n sea compatible con los objetivos clim\u00e1ticos m\u00e1s ambiciosos\u201d, comenta Alcaraz.<\/p>\n\n\n\n<p>En resumen, los \u00faltimos acontecimientos geopol\u00edticos nos ponen de manifiesto, una vez m\u00e1s, la necesidad de una pol\u00edtica Industrial europea que desarrolle un ecosistema de movilidad sostenible y conectada en Europa con el objetivo de mantener el nivel de competitividad de nuestras empresas de forma global.<\/p>\n\n\n\n<p><strong>AUTOREVISTA \u2013 5 de febrero 2024<\/strong><\/p>\n","protected":false},"excerpt":{"rendered":"<p>El presidente del CIAC, Sergio Alcaraz, ha analizado la vulnerabilidad de las cadenas de suministro globales en la industria, que ha quedado patente con la reciente crisis del Mar Rojo. Seg\u00fan Alcaraz&nbsp;\u201ces imperativo y necesario revisar toda la cadena de valor en Europa y replantearla con una estrategia industrial europea a largo plazo\u201d. El problema [&hellip;]<\/p>\n","protected":false},"author":199,"featured_media":0,"comment_status":"closed","ping_status":"closed","sticky":false,"template":"","format":"standard","meta":{"_uag_custom_page_level_css":"","site-sidebar-layout":"default","site-content-layout":"","ast-site-content-layout":"default","site-content-style":"default","site-sidebar-style":"default","ast-global-header-display":"","ast-banner-title-visibility":"","ast-main-header-display":"","ast-hfb-above-header-display":"","ast-hfb-below-header-display":"","ast-hfb-mobile-header-display":"","site-post-title":"","ast-breadcrumbs-content":"","ast-featured-img":"","footer-sml-layout":"","ast-disable-related-posts":"","theme-transparent-header-meta":"","adv-header-id-meta":"","stick-header-meta":"","header-above-stick-meta":"","header-main-stick-meta":"","header-below-stick-meta":"","astra-migrate-meta-layouts":"set","ast-page-background-enabled":"default","ast-page-background-meta":{"desktop":{"background-color":"var(--ast-global-color-4)","background-image":"","background-repeat":"repeat","background-position":"center center","background-size":"auto","background-attachment":"scroll","background-type":"","background-media":"","overlay-type":"","overlay-color":"","overlay-opacity":"","overlay-gradient":""},"tablet":{"background-color":"","background-image":"","background-repeat":"repeat","background-position":"center center","background-size":"auto","background-attachment":"scroll","background-type":"","background-media":"","overlay-type":"","overlay-color":"","overlay-opacity":"","overlay-gradient":""},"mobile":{"background-color":"","background-image":"","background-repeat":"repeat","background-position":"center center","background-size":"auto","background-attachment":"scroll","background-type":"","background-media":"","overlay-type":"","overlay-color":"","overlay-opacity":"","overlay-gradient":""}},"ast-content-background-meta":{"desktop":{"background-color":"var(--ast-global-color-5)","background-image":"","background-repeat":"repeat","background-position":"center center","background-size":"auto","background-attachment":"scroll","background-type":"","background-media":"","overlay-type":"","overlay-color":"","overlay-opacity":"","overlay-gradient":""},"tablet":{"background-color":"var(--ast-global-color-5)","background-image":"","background-repeat":"repeat","background-position":"center center","background-size":"auto","background-attachment":"scroll","background-type":"","background-media":"","overlay-type":"","overlay-color":"","overlay-opacity":"","overlay-gradient":""},"mobile":{"background-color":"var(--ast-global-color-5)","background-image":"","background-repeat":"repeat","background-position":"center center","background-size":"auto","background-attachment":"scroll","background-type":"","background-media":"","overlay-type":"","overlay-color":"","overlay-opacity":"","overlay-gradient":""}},"footnotes":""},"categories":[9],"tags":[],"class_list":["post-9698","post","type-post","status-publish","format-standard","hentry","category-noticias"],"uagb_featured_image_src":{"full":false,"thumbnail":false,"medium":false,"medium_large":false,"large":false,"1536x1536":false,"2048x2048":false},"uagb_author_info":{"display_name":"editor","author_link":"https:\/\/uahe.es\/wordpress\/?author=199"},"uagb_comment_info":0,"uagb_excerpt":"El presidente del CIAC, Sergio Alcaraz, ha analizado la vulnerabilidad de las cadenas de suministro globales en la industria, que ha quedado patente con la reciente crisis del Mar Rojo. Seg\u00fan Alcaraz&nbsp;\u201ces imperativo y necesario revisar toda la cadena de valor en Europa y replantearla con una estrategia industrial europea a largo plazo\u201d. El problema&hellip;","_links":{"self":[{"href":"https:\/\/uahe.es\/wordpress\/index.php?rest_route=\/wp\/v2\/posts\/9698","targetHints":{"allow":["GET"]}}],"collection":[{"href":"https:\/\/uahe.es\/wordpress\/index.php?rest_route=\/wp\/v2\/posts"}],"about":[{"href":"https:\/\/uahe.es\/wordpress\/index.php?rest_route=\/wp\/v2\/types\/post"}],"author":[{"embeddable":true,"href":"https:\/\/uahe.es\/wordpress\/index.php?rest_route=\/wp\/v2\/users\/199"}],"replies":[{"embeddable":true,"href":"https:\/\/uahe.es\/wordpress\/index.php?rest_route=%2Fwp%2Fv2%2Fcomments&post=9698"}],"version-history":[{"count":1,"href":"https:\/\/uahe.es\/wordpress\/index.php?rest_route=\/wp\/v2\/posts\/9698\/revisions"}],"predecessor-version":[{"id":9699,"href":"https:\/\/uahe.es\/wordpress\/index.php?rest_route=\/wp\/v2\/posts\/9698\/revisions\/9699"}],"wp:attachment":[{"href":"https:\/\/uahe.es\/wordpress\/index.php?rest_route=%2Fwp%2Fv2%2Fmedia&parent=9698"}],"wp:term":[{"taxonomy":"category","embeddable":true,"href":"https:\/\/uahe.es\/wordpress\/index.php?rest_route=%2Fwp%2Fv2%2Fcategories&post=9698"},{"taxonomy":"post_tag","embeddable":true,"href":"https:\/\/uahe.es\/wordpress\/index.php?rest_route=%2Fwp%2Fv2%2Ftags&post=9698"}],"curies":[{"name":"wp","href":"https:\/\/api.w.org\/{rel}","templated":true}]}}