{"id":9629,"date":"2024-01-18T10:31:17","date_gmt":"2024-01-18T09:31:17","guid":{"rendered":"https:\/\/uahe.es\/wordpress\/?p=9629"},"modified":"2024-01-18T10:31:19","modified_gmt":"2024-01-18T09:31:19","slug":"asi-quiere-reindustrializarse-espana-para-ser-sostenible-pero-tambien-mas-competitiva","status":"publish","type":"post","link":"https:\/\/uahe.es\/wordpress\/?p=9629","title":{"rendered":"As\u00ed quiere reindustrializarse Espa\u00f1a para ser sostenible, pero tambi\u00e9n m\u00e1s competitiva"},"content":{"rendered":"\n<p class=\"has-vivid-red-color has-text-color has-link-color wp-elements-e343af523101ebd194c0f8624d3ba7e4\"><strong><em>Los expertos defienden que la transici\u00f3n energ\u00e9tica es imprescindible para descarbonizar el sistema y subrayan que, adem\u00e1s, supone una oportunidad sin precedentes para potenciar la industria de nuestro pa\u00eds y reforzar su econom\u00eda<\/em><\/strong><\/p>\n\n\n\n<p>La revoluci\u00f3n tecnol\u00f3gica, la transici\u00f3n energ\u00e9tica y la situaci\u00f3n geopol\u00edtica internacional son los principales factores que est\u00e1n impulsando lo que se conoce como&nbsp;reindustrializaci\u00f3n de Espa\u00f1a. El primero de ellos est\u00e1 cambiando el paradigma energ\u00e9tico de casi todos los sectores productivos, el segundo es una necesidad urgente que viene impuesta por el&nbsp;cambio clim\u00e1tico&nbsp;y el tercero ha sido motivado por determinados conflictos y crisis globales que han demostrado que&nbsp;Europa&nbsp;no puede depender de terceros pa\u00edses en lo que a&nbsp;energ\u00eda y suministros&nbsp;se refiere. As\u00ed las cosas, cabe preguntarse por las oportunidades emergentes de la mano de esta apuesta nacional por la industria, pero tambi\u00e9n&nbsp;de qu\u00e9 depende su \u00e9xito, en qu\u00e9 punto se encuentra el proceso y cu\u00e1les son los h\u00e1ndicaps que han de ser superados.<\/p>\n\n\n\n<p>Para abordar estas y otras cuestiones, El Confidencial y&nbsp;ael\u0113c&nbsp;organizaron un foro titulado&nbsp;Industria, transici\u00f3n y energ\u00eda: la red del ma\u00f1ana, constituido por dos mesas redondas y que, adem\u00e1s, cont\u00f3 con la participaci\u00f3n de&nbsp;Rebeca Torr\u00f3 Soler, secretaria de Estado de Industria, quien subray\u00f3 la importancia de que \u201cindustria y energ\u00eda vayan de la mano y de forma coordinada, porque&nbsp;son la base del futuro del sector productivo&nbsp;de nuestro pa\u00eds\u201d. En su opini\u00f3n, \u201cel crecimiento industrial repercutir\u00e1 en una mayor vertebraci\u00f3n territorial, unos \u00edndices de empleo todav\u00eda m\u00e1s altos y una&nbsp;mejor calidad de vida&nbsp;de toda la ciudadan\u00eda\u201d. Por ello, \u201ceste Gobierno abraza el&nbsp;cambio de paradigma&nbsp;y apuesta por una&nbsp;autonom\u00eda estrat\u00e9gica&nbsp;que nos permita generar energ\u00eda limpia y a precios asequibles, solo as\u00ed seremos independientes energ\u00e9ticamente y tendremos una industria competitiva\u201d, apunt\u00f3.<\/p>\n\n\n\n<p>La secretaria de Estado record\u00f3 que ya en 2022\u00a0se alcanz\u00f3 el r\u00e9cord de producci\u00f3n solar y fotovoltaica en Espa\u00f1a,\u00a0y puso en valor la importancia que est\u00e1n teniendo los proyectos estrat\u00e9gicos para la recuperaci\u00f3n y transformaci\u00f3n econ\u00f3mica (Perte) de cara al fortalecimiento de la industria. \u201cHemos lanzado la\u00a0primera convocatoria\u00a0del\u00a0Perte de descarbonizaci\u00f3n industrial. Se trata de una l\u00ednea con\u00a0una inversi\u00f3n total de 1.000 millones de euros, el 50% en subvenciones directas y la otra mitad en pr\u00e9stamos con bajo inter\u00e9s. Llegar\u00e1n a las empresas con el objetivo de materializar proyectos fuertemente transformadores\u201d, concret\u00f3. Para concluir su discurso, Rebeca Torr\u00f3 Soler remarc\u00f3: \u201cNo habr\u00e1 inversi\u00f3n, ni mercado en desarrollo, en aquellos territorios que no acepten la v\u00eda de oportunidades que significa la transici\u00f3n energ\u00e9tica. Necesitamos una industria m\u00e1s sostenible, limpia y eficiente. Es, al mismo tiempo,\u00a0nuestro gran potencial, ese elemento diferenciador que tiene Espa\u00f1a\u201d.<\/p>\n\n\n\n<p>La primera de las mesas redondas de la jornada tuvo por t\u00edtulo&nbsp;Industria y autonom\u00eda estrat\u00e9gica europea&nbsp;y cont\u00f3 con la participaci\u00f3n de&nbsp;Roberto Moral, director de Arquitecturas y Sostenibilidad de Cisco;&nbsp;Miguel \u00c1ngel Castillo, vicepresidente de Desarrollo Tecnol\u00f3gico de Aernnova, y&nbsp;\u00c1lvaro de la Haza, vicepresidente ejecutivo de Grupo Cosentino.<\/p>\n\n\n\n<p>Para Roberto Moral, como representante de una compa\u00f1\u00eda tecnol\u00f3gica afectada por las interrupciones y demoras provocadas por la coyuntura geopol\u00edtica en la cadena de suministros, la clave es \u201ctener la capacidad de&nbsp;dise\u00f1ar y fabricar en Europa&nbsp;y, m\u00e1s concretamente, en Espa\u00f1a, los&nbsp;semiconductores&nbsp;que necesitamos\u201d. Bajo su perspectiva, \u201cya se est\u00e1n dando pasos en ese sentido y en nuestro pa\u00eds no podemos quedarnos atr\u00e1s, debemos participar en ese ecosistema\u201d. A la vez, en el camino hacia una industria m\u00e1s verde, el representante de Cisco en el coloquio reconoci\u00f3 que \u201cel propio dise\u00f1o de los chips ha variado:&nbsp;ahora se busca que sean m\u00e1s eficientes, dando un mayor rendimiento con menos consumo. Todo ello, trabajando con criterios de ecodise\u00f1o y econom\u00eda circular\u201d.<\/p>\n\n\n\n<p class=\"has-vivid-red-color has-text-color has-link-color wp-elements-ca441102a694eb94e5de3d2b9e8c6c57\"><strong><em>\u00abNecesitamos una industria sostenible que adem\u00e1s sirva de elemento diferenciador para que Espa\u00f1a compita\u00bb, R. Torr\u00f3 Soler (Industria)<\/em><\/strong><\/p>\n\n\n\n<p>Por su parte, Miguel \u00c1ngel Castillo enfatiz\u00f3: \u201cA la hora de superar el reto de la&nbsp;sostenibilidad, no debemos perder competitividad por el camino, sino todo lo contrario. Hay que armonizar ambos par\u00e1metros, ser productivos y crecer para beneficiar a nuestros inversores y empleados, pero, a la vez,&nbsp;ser \u00fatiles a la sociedad en su conjunto\u201d. Del mismo modo, el vicepresidente de Desarrollo Tecnol\u00f3gico de Aernnova quiso llamar la atenci\u00f3n sobre \u201clo relevante de la dualidad\u00bb del sector que representa: \u00abEsta industria tiene una vertiente comercial que todos conocemos, pero tambi\u00e9n est\u00e1 enfocada a la&nbsp;defensa de nuestra forma de vida&nbsp;en su vertiente militar\u201d.<\/p>\n\n\n\n<p>Con la primera apreciaci\u00f3n coincidi\u00f3 \u00c1lvaro de la Haza, y corrobor\u00f3 que \u201cla competitividad debe ser cuidada y preservada\u201d. Sobre la transici\u00f3n energ\u00e9tica, detall\u00f3 que \u201cactualmente los costes de la energ\u00eda&nbsp;est\u00e1n sujetos a unos vaivenes dif\u00edciles de gestionar&nbsp;y esto dificulta ser competitivos\u201d. El vicepresidente ejecutivo de Grupo Cosentino explic\u00f3 que, \u201cpor ejemplo, estamos pagando el gas&nbsp;much\u00edsimo m\u00e1s caro que en Estados Unidos&nbsp;y esto nos perjudica\u201d. Acerca de esta cuesti\u00f3n manifest\u00f3 que \u201cla m\u00e1xima europea de&nbsp;quien contamina paga,&nbsp;parad\u00f3jicamente,&nbsp;nos est\u00e1 perjudicando,&nbsp;porque todav\u00eda no es un concepto generalizado en todo el mundo\u201d.<\/p>\n\n\n\n<p>Tambi\u00e9n a la Uni\u00f3n Europea se refiri\u00f3 Roberto Moral, pero en esta ocasi\u00f3n para elogiar su postura: \u201cDesde la UE, ya se defini\u00f3 un plan de acci\u00f3n para&nbsp;digitalizar el sistema energ\u00e9tico&nbsp;y dio una serie de recomendaciones para las infraestructuras cr\u00edticas\u201d. Entre los puntos cruciales para conseguirlo, el director de Arquitecturas y Sostenibilidad de Cisco expuso que \u201clos recursos que permiten&nbsp;digitalizar la red el\u00e9ctrica&nbsp;son fundamentales para asegurar que la transformaci\u00f3n del sistema energ\u00e9tico&nbsp;pueda asumir nuevas fuentes de energ\u00eda&nbsp;y, adem\u00e1s, aplicar los m\u00e1s estrictos c\u00e1nones de ciberseguridad\u201d. Respecto a esta cuesti\u00f3n, su compa\u00f1ero \u00c1lvaro de la Haza matiz\u00f3 que, \u201cpese a todo, no se puede materializar la transici\u00f3n energ\u00e9tica \u00fanicamente con energ\u00eda solar, al menos en nuestro caso, sino que tambi\u00e9n&nbsp;se necesitan otros vectores como el hidr\u00f3geno y el biometano\u201d.<\/p>\n\n\n\n<p>Un sector cuya descarbonizaci\u00f3n ya depende de esos \u00abotros vectores\u00bb es el aeron\u00e1utico. \u201cPese a que realmente&nbsp;solo el 2% de las emisiones de gases de efecto invernadero&nbsp;procede del transporte a\u00e9reo, el foco est\u00e1 sobre nosotros. Esto nos obliga a ser m\u00e1s responsables, eficientes y sostenibles,&nbsp;sin perder competitividad\u201d, afirm\u00f3 de nuevo Miguel \u00c1ngel Castillo. Sin embargo, admiti\u00f3 que el gran h\u00e1ndicap es que \u201cno se trata de una actividad f\u00e1cilmente descarbonizable, porque el enorme peso de los aviones&nbsp;demanda un combustible que tenga un desempe\u00f1o similar al del queroseno\u201d. Es ah\u00ed donde cobran relevancia los combustibles sostenibles y cuyo porcentaje obligatorio sobre el total repostado&nbsp;ir\u00e1 elev\u00e1ndose por requerimientos de la UE hasta el a\u00f1o 2050. \u201cDe no hacerlo as\u00ed, el sector espa\u00f1ol continuar\u00e1 necesitando seis millones de toneladas de queroseno al a\u00f1o. Todo esto refleja que el entorno es complejo, pero que existen&nbsp;oportunidades&nbsp;para aquellos que sepan reaccionar\u201d, confirm\u00f3.<\/p>\n\n\n\n<p class=\"has-vivid-red-color has-text-color has-link-color wp-elements-3e9438df5aafd4701373bb5059c6fe55\"><strong><em>El cuello de botella est\u00e1 en la red<\/em><\/strong><strong><em><\/em><\/strong><\/p>\n\n\n\n<p>El \u00faltimo debate del foro tuvo por t\u00edtulo&nbsp;La transici\u00f3n ecol\u00f3gica industrial como proyecto pa\u00eds&nbsp;y estuvo participado por&nbsp;Elena Ruiz Garc\u00eda, VP Sustainable Business de NH Hotel Group;&nbsp;\u00c1lvaro S\u00e1nchez,&nbsp;head of&nbsp;Sales de Siemens Grid Software, Iberia;&nbsp;Carol Bl\u00e1zquez,&nbsp;head of&nbsp;Innovation &amp; Sustainability de Ecoalf, y&nbsp;Laureano \u00c1lvarez, socio de Deloitte.<\/p>\n\n\n\n<p class=\"has-vivid-red-color has-text-color has-link-color wp-elements-e69fbdd3d3336694a0b26c4fa8930c27\"><strong><em>\u00abPara reindustrializar el pa\u00eds, necesitamos una energ\u00eda m\u00e1s barata de la mano de las renovables\u00bb, Laureano \u00c1lvarez (Deloitte)<\/em><\/strong><\/p>\n\n\n\n<p>El representante de Deloitte en la mesa redonda aclar\u00f3 para iniciar su exposici\u00f3n que \u201cen Espa\u00f1a hist\u00f3ricamente hemos estado&nbsp;por debajo de la media de los niveles de empleo industrial. Por esta raz\u00f3n, cada vez que ha habido una crisis, hemos sufrido m\u00e1s que otras econom\u00edas de nuestro entorno. Para reindustrializar el pa\u00eds \u2014continu\u00f3\u2014, necesitamos&nbsp;una energ\u00eda m\u00e1s barata&nbsp;de la mano de las renovables. De este modo, las empresas podr\u00e1n&nbsp;reducir costes, competir mejor en el mercado y apostar m\u00e1s por el capital humano\u201d. No obstante, Laureano \u00c1lvarez tambi\u00e9n precis\u00f3 d\u00f3nde se encuentra el&nbsp;cuello de botella: \u201cEn los suministros y la red el\u00e9ctrica\u201d.<\/p>\n\n\n\n<p>Desde Siemens, coincidieron con esta lectura de la situaci\u00f3n: \u201cEspa\u00f1a tiene recursos, conocimientos y experiencia, pero tenemos algunos retos que afrontar para convertirnos en un&nbsp;hub&nbsp;energ\u00e9tico, entre otros&nbsp;reducir los vertidos de energ\u00eda&nbsp;o aprovechar las bondades del&nbsp;hidr\u00f3geno verde\u201d. Para \u00c1lvaro S\u00e1nchez,&nbsp;head of&nbsp;Sales de Siemens Grid Software, uno de los problemas es que \u201cla regulaci\u00f3n&nbsp;va un paso por detr\u00e1s&nbsp;de la tecnolog\u00eda y el mercado. Necesitamos crear nuevos modelos de regulaci\u00f3n el\u00e9ctrica para que los consumidores participen en el mercado, por ejemplo, aportando energ\u00eda sobrante a la red desde su veh\u00edculo particular\u201d.<\/p>\n\n\n\n<p>Respecto a\u00a0las redes, \u00c1lvaro S\u00e1nchez constat\u00f3 que \u201cno est\u00e1n preparadas\u00a0para la transici\u00f3n energ\u00e9tica\u201d y especific\u00f3 que \u201cestamos hablando de la descarbonizaci\u00f3n total del sistema, esto requiere\u00a0duplicar la capacidad. En otras palabras, habr\u00eda que construir en 10 a\u00f1os\u00a0el doble\u00a0de la infraestructura que hemos construido en cien a\u00f1os\u201d. Sobre el\u00a0Plan Nacional Integrado de Energ\u00eda y Clima\u00a0(PNIEC), elogi\u00f3 su ambici\u00f3n porque \u201ces preferible que sea de m\u00e1ximos,\u00a0aunque no sea realista\u201d. Como soluci\u00f3n a la problem\u00e1tica de la capacidad de la red, propuso, entre otras medidas, \u201cutilizar la tecnolog\u00eda para\u00a0exprimir la red hasta sus l\u00edmites t\u00e9cnicos\u201d.<\/p>\n\n\n\n<p>Afinando en su an\u00e1lisis, la receta para solucionar la saturaci\u00f3n de la red puesta encima de la mesa por Laureano \u00c1lvarez fue \u201cm\u00e1s inversi\u00f3n\u201d. Bajo su punto de vista, \u201cdeber\u00edamos instalar&nbsp;12 gigavatios de renovables al a\u00f1o&nbsp;para cumplir con el PNIEC y, sin embargo, no hemos superado los seis gigavatios en el mejor ciclo\u201d. Tambi\u00e9n se\u00f1al\u00f3 como reto \u201cmejorar el&nbsp;almacenamiento&nbsp;para compensar la intermitencia de las renovables\u201d.<\/p>\n\n\n\n<p>Los otros sectores representados en la mesa redonda igualmente compartieron sus propuestas para acometer la&nbsp;reindustrializaci\u00f3n&nbsp;de la mano de una energ\u00eda m\u00e1s sostenible. As\u00ed, Carol Bl\u00e1zquez destac\u00f3 que \u201cactualmente&nbsp;las responsabilidades no son asumidas&nbsp;por los consumidores ni por las empresas que no respetan el nuevo paradigma, sino que el impacto medioambiental lo pagamos todos y el planeta\u201d. Para evitarlo, la experta de Ecoalf indic\u00f3 que la UE ya trabaja en un&nbsp;Pasaporte Digital de Producto&nbsp;que \u201crecoger\u00e1 la trazabilidad de las materias primas y las cadenas de suministros,&nbsp;con el objetivo de ser transparentes. Se trata de que el consumidor tenga toda la informaci\u00f3n a su alcance y pueda&nbsp;tomar las mejores decisiones\u201d, sostuvo.<\/p>\n\n\n\n<p>Finalmente, Elena Ruiz Garc\u00eda confirm\u00f3 que \u201cen el&nbsp;sector tur\u00edstico&nbsp;estamos pasando de un modelo de veto, en el que primaba no trabajar con aquellos que no tuvieran criterios de sostenibilidad, a otro de&nbsp;influencia, en el que se busca que todo el ecosistema contribuya\u201d. En relaci\u00f3n con la regulaci\u00f3n, la VP Sustainable Business de NH Hotel Group reivindic\u00f3 que \u201cdebe llegar de forma ordenada,&nbsp;no como un tsunami. Y, al mismo tiempo, la Administraci\u00f3n deber\u00eda trabajar en&nbsp;incentivar el consumo\u201d.<\/p>\n\n\n\n<p><strong>EL CONFIDENCIAL \u2013 18 de enero 2024<\/strong><\/p>\n","protected":false},"excerpt":{"rendered":"<p>Los expertos defienden que la transici\u00f3n energ\u00e9tica es imprescindible para descarbonizar el sistema y subrayan que, adem\u00e1s, supone una oportunidad sin precedentes para potenciar la industria de nuestro pa\u00eds y reforzar su econom\u00eda La revoluci\u00f3n tecnol\u00f3gica, la transici\u00f3n energ\u00e9tica y la situaci\u00f3n geopol\u00edtica internacional son los principales factores que est\u00e1n impulsando lo que se conoce [&hellip;]<\/p>\n","protected":false},"author":199,"featured_media":0,"comment_status":"closed","ping_status":"closed","sticky":false,"template":"","format":"standard","meta":{"_uag_custom_page_level_css":"","site-sidebar-layout":"default","site-content-layout":"","ast-site-content-layout":"default","site-content-style":"default","site-sidebar-style":"default","ast-global-header-display":"","ast-banner-title-visibility":"","ast-main-header-display":"","ast-hfb-above-header-display":"","ast-hfb-below-header-display":"","ast-hfb-mobile-header-display":"","site-post-title":"","ast-breadcrumbs-content":"","ast-featured-img":"","footer-sml-layout":"","ast-disable-related-posts":"","theme-transparent-header-meta":"","adv-header-id-meta":"","stick-header-meta":"","header-above-stick-meta":"","header-main-stick-meta":"","header-below-stick-meta":"","astra-migrate-meta-layouts":"set","ast-page-background-enabled":"default","ast-page-background-meta":{"desktop":{"background-color":"var(--ast-global-color-4)","background-image":"","background-repeat":"repeat","background-position":"center center","background-size":"auto","background-attachment":"scroll","background-type":"","background-media":"","overlay-type":"","overlay-color":"","overlay-opacity":"","overlay-gradient":""},"tablet":{"background-color":"","background-image":"","background-repeat":"repeat","background-position":"center center","background-size":"auto","background-attachment":"scroll","background-type":"","background-media":"","overlay-type":"","overlay-color":"","overlay-opacity":"","overlay-gradient":""},"mobile":{"background-color":"","background-image":"","background-repeat":"repeat","background-position":"center center","background-size":"auto","background-attachment":"scroll","background-type":"","background-media":"","overlay-type":"","overlay-color":"","overlay-opacity":"","overlay-gradient":""}},"ast-content-background-meta":{"desktop":{"background-color":"var(--ast-global-color-5)","background-image":"","background-repeat":"repeat","background-position":"center center","background-size":"auto","background-attachment":"scroll","background-type":"","background-media":"","overlay-type":"","overlay-color":"","overlay-opacity":"","overlay-gradient":""},"tablet":{"background-color":"var(--ast-global-color-5)","background-image":"","background-repeat":"repeat","background-position":"center center","background-size":"auto","background-attachment":"scroll","background-type":"","background-media":"","overlay-type":"","overlay-color":"","overlay-opacity":"","overlay-gradient":""},"mobile":{"background-color":"var(--ast-global-color-5)","background-image":"","background-repeat":"repeat","background-position":"center center","background-size":"auto","background-attachment":"scroll","background-type":"","background-media":"","overlay-type":"","overlay-color":"","overlay-opacity":"","overlay-gradient":""}},"footnotes":""},"categories":[9],"tags":[],"class_list":["post-9629","post","type-post","status-publish","format-standard","hentry","category-noticias"],"uagb_featured_image_src":{"full":false,"thumbnail":false,"medium":false,"medium_large":false,"large":false,"1536x1536":false,"2048x2048":false},"uagb_author_info":{"display_name":"editor","author_link":"https:\/\/uahe.es\/wordpress\/?author=199"},"uagb_comment_info":0,"uagb_excerpt":"Los expertos defienden que la transici\u00f3n energ\u00e9tica es imprescindible para descarbonizar el sistema y subrayan que, adem\u00e1s, supone una oportunidad sin precedentes para potenciar la industria de nuestro pa\u00eds y reforzar su econom\u00eda La revoluci\u00f3n tecnol\u00f3gica, la transici\u00f3n energ\u00e9tica y la situaci\u00f3n geopol\u00edtica internacional son los principales factores que est\u00e1n impulsando lo que se conoce&hellip;","_links":{"self":[{"href":"https:\/\/uahe.es\/wordpress\/index.php?rest_route=\/wp\/v2\/posts\/9629","targetHints":{"allow":["GET"]}}],"collection":[{"href":"https:\/\/uahe.es\/wordpress\/index.php?rest_route=\/wp\/v2\/posts"}],"about":[{"href":"https:\/\/uahe.es\/wordpress\/index.php?rest_route=\/wp\/v2\/types\/post"}],"author":[{"embeddable":true,"href":"https:\/\/uahe.es\/wordpress\/index.php?rest_route=\/wp\/v2\/users\/199"}],"replies":[{"embeddable":true,"href":"https:\/\/uahe.es\/wordpress\/index.php?rest_route=%2Fwp%2Fv2%2Fcomments&post=9629"}],"version-history":[{"count":1,"href":"https:\/\/uahe.es\/wordpress\/index.php?rest_route=\/wp\/v2\/posts\/9629\/revisions"}],"predecessor-version":[{"id":9630,"href":"https:\/\/uahe.es\/wordpress\/index.php?rest_route=\/wp\/v2\/posts\/9629\/revisions\/9630"}],"wp:attachment":[{"href":"https:\/\/uahe.es\/wordpress\/index.php?rest_route=%2Fwp%2Fv2%2Fmedia&parent=9629"}],"wp:term":[{"taxonomy":"category","embeddable":true,"href":"https:\/\/uahe.es\/wordpress\/index.php?rest_route=%2Fwp%2Fv2%2Fcategories&post=9629"},{"taxonomy":"post_tag","embeddable":true,"href":"https:\/\/uahe.es\/wordpress\/index.php?rest_route=%2Fwp%2Fv2%2Ftags&post=9629"}],"curies":[{"name":"wp","href":"https:\/\/api.w.org\/{rel}","templated":true}]}}