{"id":9581,"date":"2024-01-04T11:54:14","date_gmt":"2024-01-04T10:54:14","guid":{"rendered":"https:\/\/uahe.es\/wordpress\/?p=9581"},"modified":"2024-01-04T11:54:16","modified_gmt":"2024-01-04T10:54:16","slug":"la-actividad-de-las-fabricas-espanolas-disminuyo-en-diciembre-por-noveno-mes-consecutivo-segun-pmi","status":"publish","type":"post","link":"https:\/\/uahe.es\/wordpress\/?p=9581","title":{"rendered":"La actividad de las f\u00e1bricas espa\u00f1olas disminuy\u00f3 en diciembre por noveno mes consecutivo, seg\u00fan PMI"},"content":{"rendered":"\n<p>El deterioro de la actividad fabril en Espa\u00f1a se extendi\u00f3 a diciembre por noveno mes consecutivo, seg\u00fan\u00a0el \u00edndice PMI manufacturero de S&amp;P Global y Hamburg Commercial Bank, que se situ\u00f3 en 46,2 puntos, frente a los 46,3 del mes anterior, por debajo del umbral de 50 puntos que separa la contracci\u00f3n del crecimiento.<\/p>\n\n\n\n<p>La contracci\u00f3n de la actividad en diciembre reflej\u00f3 una nueva reducci\u00f3n significativa de los nuevos pedidos como consecuencia de la debilidad de la demanda tanto nacional como procedente del extranjero, lo que provoc\u00f3 una nueva ca\u00edda de la producci\u00f3n manufacturera. Debido a la ca\u00edda de la producci\u00f3n y en las carteras de nuevos pedidos, los fabricantes espa\u00f1oles redujeron sus actividades de compra de forma severa y optaron por utilizar los stocks existentes, reduciendo los inventarios de materias primas y productos semielaborados por noveno mes consecutivo y al ritmo m\u00e1s pronunciado desde marzo de 2013.<\/p>\n\n\n\n<p>La falta de demanda de insumos ayud\u00f3 a explicar una nueva bajada de los precios pagados en diciembre, que las empresas repercutieron a los clientes a trav\u00e9s de una reducci\u00f3n de sus precios cobrados ante la fuerte competencia en el mercado. Con respecto al empleo, los autores de la encuesta destacan que los fabricantes espa\u00f1oles optaron por reducir sus plantillas de nuevo en diciembre, y el ritmo de destrucci\u00f3n se aceler\u00f3 ligeramente frente a noviembre. No obstante, de cara a los pr\u00f3ximos doce meses, los fabricantes conf\u00edan en que la producci\u00f3n ser\u00e1 superior a los niveles actuales y esperan una mejora de la demanda del mercado.<\/p>\n\n\n\n<p>\u201cMientras mucha gente estaba esperando la loter\u00eda de \u2018El Gordo\u2019 en diciembre, los fabricantes segu\u00edan sumidos en el estancamiento\u201d, coment\u00f3 Cyrus de la Rubia, economista jefe de Hamburg Commercial Bank. A pesar de esta nueva contracci\u00f3n en diciembre, el experto destac\u00f3 que tanto la bajada de la producci\u00f3n como la de los pedidos de exportaci\u00f3n han frenado su ca\u00edda, \u201cofreciendo rayos de esperanza\u201d.<\/p>\n\n\n\n<p class=\"has-luminous-vivid-orange-color has-text-color has-link-color wp-elements-f6dc4d9aa0e80f682597b1b7cc517547\"><strong>Eurozona<\/strong><\/p>\n\n\n\n<p>El deterioro de la actividad fabril de la zona euro continu\u00f3 durante el pasado mes de diciembre, aunque la contracci\u00f3n registrada fue la m\u00e1s lenta en siete meses, seg\u00fan el dato del \u00edndice PMI, que alcanz\u00f3 los 44,4 puntos, frente a los 44,2 del mes anterior, lo que deja abierta la puerta a la posibilidad de un \u00faltimo trimestre de ca\u00edda del PIB que arrastrar\u00eda a la recesi\u00f3n al bloque del euro.<\/p>\n\n\n\n<p>\u201cNuestro modelo de estimaci\u00f3n en tiempo real se alinea con esta tendencia pesimista e indica fuertemente una contracci\u00f3n del PIB para el cuarto trimestre. Si esto resulta cierto, pinta un panorama sombr\u00edo para la zona euro y significar\u00eda que la zona euro entr\u00f3 en recesi\u00f3n\u201d, indic\u00f3 Cyrus de la Rubia, economista jefe de Hamburg Commercial Bank.<\/p>\n\n\n\n<p>En el mes de diciembre, el nivel de producci\u00f3n industrial en la zona euro sigui\u00f3 reduci\u00e9ndose debido a la falta de nuevos pedidos<strong>,<\/strong> incluyendo aquellos procedentes del extranjero, donde la secuencia actual de contracci\u00f3n de las ventas es de casi dos a\u00f1os.<\/p>\n\n\n\n<p>Asimismo, el volumen de pedidos pendientes sigui\u00f3 disminuyendo, lo que pone de relieve el exceso de capacidad en el sector, por lo que el empleo industrial en la zona euro sigui\u00f3 cayendo, en l\u00ednea con la tendencia observada desde junio pasado.<\/p>\n\n\n\n<p>Debido a las reducciones sostenidas de los inventarios y una demanda m\u00e1s d\u00e9bil, los datos de la \u00faltima encuesta indicaron una nueva mejora en los plazos de entrega de los proveedores.<\/p>\n\n\n\n<p>Mientras tanto, las expectativas de crecimiento para los pr\u00f3ximos doce meses mejoraron en diciembre, alcanzando la mejor lectura de confianza de los fabricantes desde el pasado mes de abril.<\/p>\n\n\n\n<p>En cuanto a los precios, los costes de los insumos de las f\u00e1bricas siguieron disminuyendo a finales de 2023, lo que dio a los fabricantes un mayor margen sobre sus propias decisiones de precios, y los datos de la \u00faltima encuesta indicaron otro mes de descuentos.<\/p>\n\n\n\n<p><strong>Cinco D\u00edas &#8211; 2 de enero 2024<\/strong><\/p>\n","protected":false},"excerpt":{"rendered":"<p>El deterioro de la actividad fabril en Espa\u00f1a se extendi\u00f3 a diciembre por noveno mes consecutivo, seg\u00fan\u00a0el \u00edndice PMI manufacturero de S&amp;P Global y Hamburg Commercial Bank, que se situ\u00f3 en 46,2 puntos, frente a los 46,3 del mes anterior, por debajo del umbral de 50 puntos que separa la contracci\u00f3n del crecimiento. La contracci\u00f3n [&hellip;]<\/p>\n","protected":false},"author":199,"featured_media":0,"comment_status":"closed","ping_status":"closed","sticky":false,"template":"","format":"standard","meta":{"_uag_custom_page_level_css":"","site-sidebar-layout":"default","site-content-layout":"","ast-site-content-layout":"default","site-content-style":"default","site-sidebar-style":"default","ast-global-header-display":"","ast-banner-title-visibility":"","ast-main-header-display":"","ast-hfb-above-header-display":"","ast-hfb-below-header-display":"","ast-hfb-mobile-header-display":"","site-post-title":"","ast-breadcrumbs-content":"","ast-featured-img":"","footer-sml-layout":"","ast-disable-related-posts":"","theme-transparent-header-meta":"","adv-header-id-meta":"","stick-header-meta":"","header-above-stick-meta":"","header-main-stick-meta":"","header-below-stick-meta":"","astra-migrate-meta-layouts":"set","ast-page-background-enabled":"default","ast-page-background-meta":{"desktop":{"background-color":"var(--ast-global-color-4)","background-image":"","background-repeat":"repeat","background-position":"center center","background-size":"auto","background-attachment":"scroll","background-type":"","background-media":"","overlay-type":"","overlay-color":"","overlay-opacity":"","overlay-gradient":""},"tablet":{"background-color":"","background-image":"","background-repeat":"repeat","background-position":"center center","background-size":"auto","background-attachment":"scroll","background-type":"","background-media":"","overlay-type":"","overlay-color":"","overlay-opacity":"","overlay-gradient":""},"mobile":{"background-color":"","background-image":"","background-repeat":"repeat","background-position":"center center","background-size":"auto","background-attachment":"scroll","background-type":"","background-media":"","overlay-type":"","overlay-color":"","overlay-opacity":"","overlay-gradient":""}},"ast-content-background-meta":{"desktop":{"background-color":"var(--ast-global-color-5)","background-image":"","background-repeat":"repeat","background-position":"center center","background-size":"auto","background-attachment":"scroll","background-type":"","background-media":"","overlay-type":"","overlay-color":"","overlay-opacity":"","overlay-gradient":""},"tablet":{"background-color":"var(--ast-global-color-5)","background-image":"","background-repeat":"repeat","background-position":"center center","background-size":"auto","background-attachment":"scroll","background-type":"","background-media":"","overlay-type":"","overlay-color":"","overlay-opacity":"","overlay-gradient":""},"mobile":{"background-color":"var(--ast-global-color-5)","background-image":"","background-repeat":"repeat","background-position":"center center","background-size":"auto","background-attachment":"scroll","background-type":"","background-media":"","overlay-type":"","overlay-color":"","overlay-opacity":"","overlay-gradient":""}},"footnotes":""},"categories":[9],"tags":[],"class_list":["post-9581","post","type-post","status-publish","format-standard","hentry","category-noticias"],"uagb_featured_image_src":{"full":false,"thumbnail":false,"medium":false,"medium_large":false,"large":false,"1536x1536":false,"2048x2048":false},"uagb_author_info":{"display_name":"editor","author_link":"https:\/\/uahe.es\/wordpress\/?author=199"},"uagb_comment_info":0,"uagb_excerpt":"El deterioro de la actividad fabril en Espa\u00f1a se extendi\u00f3 a diciembre por noveno mes consecutivo, seg\u00fan\u00a0el \u00edndice PMI manufacturero de S&amp;P Global y Hamburg Commercial Bank, que se situ\u00f3 en 46,2 puntos, frente a los 46,3 del mes anterior, por debajo del umbral de 50 puntos que separa la contracci\u00f3n del crecimiento. La contracci\u00f3n&hellip;","_links":{"self":[{"href":"https:\/\/uahe.es\/wordpress\/index.php?rest_route=\/wp\/v2\/posts\/9581","targetHints":{"allow":["GET"]}}],"collection":[{"href":"https:\/\/uahe.es\/wordpress\/index.php?rest_route=\/wp\/v2\/posts"}],"about":[{"href":"https:\/\/uahe.es\/wordpress\/index.php?rest_route=\/wp\/v2\/types\/post"}],"author":[{"embeddable":true,"href":"https:\/\/uahe.es\/wordpress\/index.php?rest_route=\/wp\/v2\/users\/199"}],"replies":[{"embeddable":true,"href":"https:\/\/uahe.es\/wordpress\/index.php?rest_route=%2Fwp%2Fv2%2Fcomments&post=9581"}],"version-history":[{"count":1,"href":"https:\/\/uahe.es\/wordpress\/index.php?rest_route=\/wp\/v2\/posts\/9581\/revisions"}],"predecessor-version":[{"id":9582,"href":"https:\/\/uahe.es\/wordpress\/index.php?rest_route=\/wp\/v2\/posts\/9581\/revisions\/9582"}],"wp:attachment":[{"href":"https:\/\/uahe.es\/wordpress\/index.php?rest_route=%2Fwp%2Fv2%2Fmedia&parent=9581"}],"wp:term":[{"taxonomy":"category","embeddable":true,"href":"https:\/\/uahe.es\/wordpress\/index.php?rest_route=%2Fwp%2Fv2%2Fcategories&post=9581"},{"taxonomy":"post_tag","embeddable":true,"href":"https:\/\/uahe.es\/wordpress\/index.php?rest_route=%2Fwp%2Fv2%2Ftags&post=9581"}],"curies":[{"name":"wp","href":"https:\/\/api.w.org\/{rel}","templated":true}]}}