{"id":8971,"date":"2023-07-26T12:34:51","date_gmt":"2023-07-26T11:34:51","guid":{"rendered":"https:\/\/uahe.es\/wordpress\/?p=8971"},"modified":"2023-07-26T12:39:04","modified_gmt":"2023-07-26T11:39:04","slug":"circular-prohibicion-de-trabajar-al-aire-libre-con-fenomenos-meteorologicos-extremos","status":"publish","type":"post","link":"https:\/\/uahe.es\/wordpress\/?p=8971","title":{"rendered":"Circular Prohibici\u00f3n de trabajar al aire libre con fen\u00f3menos meteorol\u00f3gicos extremos"},"content":{"rendered":"\n<p><strong>CIRCULAR 25 de mayo 2023<\/strong><\/p>\n\n\n\n<p><a href=\"https:\/\/www.boe.es\/buscar\/act.php?id=BOE-A-2023-11187\"><strong>El Real Decreto-ley 4\/2023, de 11 de mayo<\/strong><\/a>, por el que se adopta medidas urgentes en materia agraria y de aguas en respuesta a la sequ\u00eda y de refuerzo de la legislaci\u00f3n vigente en materia de prevenci\u00f3n de riesgos laborales frente a elevadas temperaturas, que entr\u00f3 en vigor a partir del 13 de mayo, modifica el <strong><a href=\"https:\/\/www.boe.es\/buscar\/act.php?id=BOE-A-1997-8669\">Real Decreto 486\/1997<\/a>, <\/strong>por el que se establecen las disposiciones m\u00ednimas de seguridad y salud en los lugares de trabajo, suprimiendo el apartado 5 de su Anexo III para regular las condiciones de trabajo al aire libre en una nueva Disposici\u00f3n Adicional \u00danica, que establece que cu\u00e1ndo se desarrollen trabajo al aire libre y en los lugares de trabajo que por la actividad desarrollada no puedan quedar cerrados:<\/p>\n\n\n\n<p>&#8211; Deber\u00e1n tomarse medidas adecuadas para proteger a las personas trabajadoras contra riesgos relacionados con fen\u00f3menos meteorol\u00f3gicos adversos, entre ellos el calor.<\/p>\n\n\n\n<p>&#8211; Las medidas a adoptar derivaran de la evaluaci\u00f3n de riesgos laborales, tomando en consideraci\u00f3n tanto los fen\u00f3menos meteorol\u00f3gicos, como las caracter\u00edsticas de la tarea que se desarrolle y las caracter\u00edsticas personales o el estado biol\u00f3gico conocido de la persona trabajadora.<\/p>\n\n\n\n<p>Si no puede garantizarse de otro modo la debida protecci\u00f3n, las medidas incluir\u00e1n la prohibici\u00f3n de trabajar en las horas del d\u00eda en las que concurran los fen\u00f3menos meteorol\u00f3gicos adversos.<\/p>\n\n\n\n<p>Cuando la AEMET o, en su caso, el \u00f3rgano auton\u00f3mico, emita un aviso de fen\u00f3menos de nivel naranja o rojo, y las medidas preventivas no garanticen la protecci\u00f3n de las personas trabajadoras, ser\u00e1 obligatorio adaptar las condiciones de trabajo, incluida la reducci\u00f3n o modificaci\u00f3n de las horas de desarrollo de la jornada laboral prevista<\/p>\n","protected":false},"excerpt":{"rendered":"<p>CIRCULAR 25 de mayo 2023 El Real Decreto-ley 4\/2023, de 11 de mayo, por el que se adopta medidas urgentes en materia agraria y de aguas en respuesta a la sequ\u00eda y de refuerzo de la legislaci\u00f3n vigente en materia de prevenci\u00f3n de riesgos laborales frente a elevadas temperaturas, que entr\u00f3 en vigor a partir [&hellip;]<\/p>\n","protected":false},"author":1,"featured_media":0,"comment_status":"closed","ping_status":"closed","sticky":false,"template":"","format":"standard","meta":{"_uag_custom_page_level_css":"","site-sidebar-layout":"default","site-content-layout":"","ast-site-content-layout":"default","site-content-style":"default","site-sidebar-style":"default","ast-global-header-display":"","ast-banner-title-visibility":"","ast-main-header-display":"","ast-hfb-above-header-display":"","ast-hfb-below-header-display":"","ast-hfb-mobile-header-display":"","site-post-title":"","ast-breadcrumbs-content":"","ast-featured-img":"","footer-sml-layout":"","ast-disable-related-posts":"","theme-transparent-header-meta":"","adv-header-id-meta":"","stick-header-meta":"","header-above-stick-meta":"","header-main-stick-meta":"","header-below-stick-meta":"","astra-migrate-meta-layouts":"default","ast-page-background-enabled":"default","ast-page-background-meta":{"desktop":{"background-color":"var(--ast-global-color-4)","background-image":"","background-repeat":"repeat","background-position":"center center","background-size":"auto","background-attachment":"scroll","background-type":"","background-media":"","overlay-type":"","overlay-color":"","overlay-opacity":"","overlay-gradient":""},"tablet":{"background-color":"","background-image":"","background-repeat":"repeat","background-position":"center center","background-size":"auto","background-attachment":"scroll","background-type":"","background-media":"","overlay-type":"","overlay-color":"","overlay-opacity":"","overlay-gradient":""},"mobile":{"background-color":"","background-image":"","background-repeat":"repeat","background-position":"center center","background-size":"auto","background-attachment":"scroll","background-type":"","background-media":"","overlay-type":"","overlay-color":"","overlay-opacity":"","overlay-gradient":""}},"ast-content-background-meta":{"desktop":{"background-color":"var(--ast-global-color-5)","background-image":"","background-repeat":"repeat","background-position":"center center","background-size":"auto","background-attachment":"scroll","background-type":"","background-media":"","overlay-type":"","overlay-color":"","overlay-opacity":"","overlay-gradient":""},"tablet":{"background-color":"var(--ast-global-color-5)","background-image":"","background-repeat":"repeat","background-position":"center center","background-size":"auto","background-attachment":"scroll","background-type":"","background-media":"","overlay-type":"","overlay-color":"","overlay-opacity":"","overlay-gradient":""},"mobile":{"background-color":"var(--ast-global-color-5)","background-image":"","background-repeat":"repeat","background-position":"center center","background-size":"auto","background-attachment":"scroll","background-type":"","background-media":"","overlay-type":"","overlay-color":"","overlay-opacity":"","overlay-gradient":""}},"footnotes":""},"categories":[36],"tags":[],"class_list":["post-8971","post","type-post","status-publish","format-standard","hentry","category-circulares-asociados"],"uagb_featured_image_src":{"full":false,"thumbnail":false,"medium":false,"medium_large":false,"large":false,"1536x1536":false,"2048x2048":false},"uagb_author_info":{"display_name":"UAHE","author_link":"https:\/\/uahe.es\/wordpress\/?author=1"},"uagb_comment_info":0,"uagb_excerpt":"CIRCULAR 25 de mayo 2023 El Real Decreto-ley 4\/2023, de 11 de mayo, por el que se adopta medidas urgentes en materia agraria y de aguas en respuesta a la sequ\u00eda y de refuerzo de la legislaci\u00f3n vigente en materia de prevenci\u00f3n de riesgos laborales frente a elevadas temperaturas, que entr\u00f3 en vigor a partir&hellip;","_links":{"self":[{"href":"https:\/\/uahe.es\/wordpress\/index.php?rest_route=\/wp\/v2\/posts\/8971","targetHints":{"allow":["GET"]}}],"collection":[{"href":"https:\/\/uahe.es\/wordpress\/index.php?rest_route=\/wp\/v2\/posts"}],"about":[{"href":"https:\/\/uahe.es\/wordpress\/index.php?rest_route=\/wp\/v2\/types\/post"}],"author":[{"embeddable":true,"href":"https:\/\/uahe.es\/wordpress\/index.php?rest_route=\/wp\/v2\/users\/1"}],"replies":[{"embeddable":true,"href":"https:\/\/uahe.es\/wordpress\/index.php?rest_route=%2Fwp%2Fv2%2Fcomments&post=8971"}],"version-history":[{"count":2,"href":"https:\/\/uahe.es\/wordpress\/index.php?rest_route=\/wp\/v2\/posts\/8971\/revisions"}],"predecessor-version":[{"id":8975,"href":"https:\/\/uahe.es\/wordpress\/index.php?rest_route=\/wp\/v2\/posts\/8971\/revisions\/8975"}],"wp:attachment":[{"href":"https:\/\/uahe.es\/wordpress\/index.php?rest_route=%2Fwp%2Fv2%2Fmedia&parent=8971"}],"wp:term":[{"taxonomy":"category","embeddable":true,"href":"https:\/\/uahe.es\/wordpress\/index.php?rest_route=%2Fwp%2Fv2%2Fcategories&post=8971"},{"taxonomy":"post_tag","embeddable":true,"href":"https:\/\/uahe.es\/wordpress\/index.php?rest_route=%2Fwp%2Fv2%2Ftags&post=8971"}],"curies":[{"name":"wp","href":"https:\/\/api.w.org\/{rel}","templated":true}]}}