{"id":6877,"date":"2021-08-04T09:25:03","date_gmt":"2021-08-04T08:25:03","guid":{"rendered":"https:\/\/uahe.es\/wordpress\/?p=6877"},"modified":"2021-08-04T09:27:13","modified_gmt":"2021-08-04T08:27:13","slug":"el-paro-registra-en-julio-su-mayor-descenso-mensual-de-la-historia-con-197-841-desempleados-menos","status":"publish","type":"post","link":"https:\/\/uahe.es\/wordpress\/?p=6877","title":{"rendered":"El paro registra en julio su mayor descenso mensual de la historia con 197.841 desempleados menos"},"content":{"rendered":"<p><span style=\"color: #008080;\"><strong><em>El n\u00famero de parados cae por fin por debajo de los 3,5 millones<\/em><\/strong><\/span><\/p>\n<p><span style=\"color: #008080;\"><strong><em>El mes de julio finaliza con un nuevo m\u00ednimo de 331.486 personas en ERTE<\/em><\/strong><\/span><\/p>\n<p><span style=\"color: #008080;\"><strong><em>La afiliaci\u00f3n a la Seguridad Social pierde algo de fuerza respecto a junio<\/em><\/strong><\/span><\/p>\n<p>Julio de r\u00e9cords para el mercado laboral. La econom\u00eda espa\u00f1ola sigue ganando tracci\u00f3n pese al avance de la variante Delta del covid. El verano suele ser muy positivo para la creaci\u00f3n de empleo y el nuevo dato de julio lo corrobora: el paro ha registrado la mayor ca\u00edda mensual de su historia. Adem\u00e1s,\u00a0la Seguridad Social gan\u00f3 en julio 94.451 cotizantes medios\u00a0respecto al mes de junio, lo que situ\u00f3\u00a0el n\u00famero total de ocupados en 19.591.728 cotizantes\u00a0, seg\u00fan datos del Ministerio de Inclusi\u00f3n, Seguridad Social y Migraciones publicados este martes. De este modo,\u00a0el nivel de afiliaci\u00f3n es el m\u00e1s alto de la serie hist\u00f3rica, pero siempre sumando los trabajadores en ERTE (t\u00e9cnicamente cuentan como ocupados).<\/p>\n<p>Por otro lado, en t\u00e9rminos desestacionalizados y corregidos de calendario, el sistema gan\u00f3 133.049 cotizantes en julio (+0,69%), hasta un total de 19.400.964 ocupados.<\/p>\n<p>Esta mejora del mercado laboral viene a confirmar el despegue de la econom\u00eda de Espa\u00f1a, que se consolida justo en los meses en los que el mercado laboral suele gozar de un mayor espaldarazo por la llegada del verano, una estaci\u00f3n muy ligada al\u00a0turismo, un sector muy intensivo en mano de obra. El PIB de\u00a0Espa\u00f1a rebot\u00f3 un 2,8% en el segundo trimestre\u00a0del a\u00f1o, un dato que sin embargo no afecta a julio, un mes que ya entra en el tercer trimestre del a\u00f1o.<\/p>\n<p><a href=\"https:\/\/uahe.es\/wordpress\/wp-content\/uploads\/2021\/08\/graf2paro.png\"><img loading=\"lazy\" decoding=\"async\" class=\" wp-image-6878 alignleft\" src=\"https:\/\/uahe.es\/wordpress\/wp-content\/uploads\/2021\/08\/graf2paro.png\" alt=\"graf2paro\" width=\"493\" height=\"416\" srcset=\"https:\/\/uahe.es\/wordpress\/wp-content\/uploads\/2021\/08\/graf2paro.png 592w, https:\/\/uahe.es\/wordpress\/wp-content\/uploads\/2021\/08\/graf2paro-300x253.png 300w, https:\/\/uahe.es\/wordpress\/wp-content\/uploads\/2021\/08\/graf2paro-150x127.png 150w, https:\/\/uahe.es\/wordpress\/wp-content\/uploads\/2021\/08\/graf2paro-500x422.png 500w\" sizes=\"auto, (max-width: 493px) 100vw, 493px\" \/><\/a><\/p>\n<p>&nbsp;<\/p>\n<p>&nbsp;<\/p>\n<p>&nbsp;<\/p>\n<p>&nbsp;<\/p>\n<p>&nbsp;<\/p>\n<p>&nbsp;<\/p>\n<p>&nbsp;<\/p>\n<p>&nbsp;<\/p>\n<p>&nbsp;<\/p>\n<p>&nbsp;<\/p>\n<p>&nbsp;<\/p>\n<p>El\u00a0n\u00famero de parados\u00a0registrados en las oficinas de los servicios p\u00fablicos de empleo (antiguo Inem)\u00a0baj\u00f3 en 197.841 desempleados en julio\u00a0(-5,47%), lo que supone la mayor ca\u00edda en cualquier mes de la serie hist\u00f3rica y supera las de los meses de mayo y junio que tambi\u00e9n cerraron con ca\u00eddas r\u00e9cord, seg\u00fan datos publicados este martes por el Ministerio de Trabajo y Econom\u00eda Social.<\/p>\n<p><span style=\"color: #008080;\"><strong><em>Caen los ERTE<\/em><\/strong><\/span><\/p>\n<p>Adem\u00e1s, el mes de julio finaliza con un nuevo m\u00ednimo de 331.486 personas en ERTE. De este modo, el 90% de las personas que estuvieron en ERTE durante lo peor de la crisis ya han vuelto a trabajar, seg\u00fan los datos del ministerio.<\/p>\n<p>Con todo, se trata del tercer mes consecutivo en el que\u00a0el paro registra r\u00e9cord de descensos. En mayo se hab\u00eda experimentado la mayor ca\u00edda de la serie, de 129.378 personas, junio super\u00f3 esta cifra,\u00a0acerc\u00e1ndose a una reducci\u00f3n de 167.000 personas, y ahora julio lo ha vuelto a hacer.<\/p>\n<p><span style=\"color: #008080;\"><strong><em>Menos de 3,5 millones de parados<\/em><\/strong><\/span><\/p>\n<p>Con el descenso del paro en julio, el volumen total de parados alcanz\u00f3 al finalizar el s\u00e9ptimo mes del a\u00f1o la cifra de 3.416.498 desempleados. De este modo se logra\u00a0bajar de la cifra de 3,5 millones\u00a0de parados por primera vez desde que comenzase la pandemia y se implementasen las restricciones en Espa\u00f1a.<\/p>\n<p>Pese a todo hay que volver a destacar que el dato de paro de julio, al igual que ocurri\u00f3 en los meses anteriores, no incluye a los trabajadores que se encuentran en suspensi\u00f3n de empleo o reducci\u00f3n horaria como consecuencia de\u00a0un expediente de regulaci\u00f3n temporal de empleo (ERTE), ya que la definici\u00f3n de paro registrado no los contabiliza como desempleados.<\/p>\n<p>En t\u00e9rminos desestacionalizados, el paro registrado baj\u00f3 en julio en 191.756 personas. En el \u00faltimo a\u00f1o el desempleo acumula un descenso de 356.536 parados, lo que supone un 9,45% menos. Trabajo destaca adem\u00e1s que en el desempleo se ha reducido en 592.291 personas en los \u00faltimos cinco meses.<\/p>\n<p><span style=\"color: #008080;\"><strong><em>Baja en todos los sectores<\/em><\/strong><\/span><\/p>\n<p>El paro disminuy\u00f3 en julio en todos los sectores. As\u00ed, el paro registrado en\u00a0Servicios descendi\u00f3 en 133.658 personas (-5,29%); en el colectivo Sin Empleo Anterior cay\u00f3 en 31.991 personas (-9,46%); en Industria baj\u00f3 en 13.158 personas (-4,60%); en Construcci\u00f3n lo hizo en 10.154 personas menos (-3,62%) y en Agricultura se redujo en 8.880 personas (-4,82%).<\/p>\n<p>Seg\u00fan Trabajo, el nivel de paro registrado en la Industria fue inferior al del inicio de la pandemia. En t\u00e9rminos absolutos, el paro registrado en el mes de julio descendi\u00f3 m\u00e1s entre las mujeres, con 104.891 desempleadas menos (-4,94%) respecto al mes anterior. El total de mujeres en desempleo es de 2.017.719. Asimismo, el desempleo masculino se sit\u00faa en 1.398.779 al bajar en 92.950 hombres (-6,23%).<\/p>\n<p><span style=\"color: #008080;\"><strong><em>Seis CCAA tienen incluso menos paro que antes del covid<\/em><\/strong><\/span><\/p>\n<p>Igualmente, el paro registrado baj\u00f3 en el s\u00e9ptimo mes en todas las comunidades aut\u00f3nomas. En t\u00e9rminos absolutos,\u00a0las mayores ca\u00eddas correspondieron a Andaluc\u00eda\u00a0(-69.159 personas), Catalu\u00f1a (-37.548 personas) y Canarias (-20.374).<\/p>\n<p>De hecho, seg\u00fan Trabajo, seis comunidades aut\u00f3nomas y la ciudad aut\u00f3noma de Melilla cuentan con menos paro registrado que al inicio de la crisis sanitaria. Estas CCAA son Galicia, Extremadura, Asturias, Castilla-La Mancha, Baleares y Cantabria.<\/p>\n<p>Por otro lado, en julio se registraron 1.838.250 contratos, de los que\u00a0165.500 fueron indefinidos, el 9% del total de contratos.<\/p>\n<p><strong>El Economista \u2013 3 de agosto 2021<\/strong><\/p>\n","protected":false},"excerpt":{"rendered":"<p>El n\u00famero de parados cae por fin por debajo de los 3,5 millones El mes de julio finaliza con un nuevo m\u00ednimo de 331.486 personas en ERTE La afiliaci\u00f3n a la Seguridad Social pierde algo de fuerza respecto a junio Julio de r\u00e9cords para el mercado laboral. La econom\u00eda espa\u00f1ola sigue ganando tracci\u00f3n pese al [&hellip;]<\/p>\n","protected":false},"author":1,"featured_media":0,"comment_status":"closed","ping_status":"closed","sticky":false,"template":"","format":"standard","meta":{"_uag_custom_page_level_css":"","site-sidebar-layout":"default","site-content-layout":"","ast-site-content-layout":"default","site-content-style":"default","site-sidebar-style":"default","ast-global-header-display":"","ast-banner-title-visibility":"","ast-main-header-display":"","ast-hfb-above-header-display":"","ast-hfb-below-header-display":"","ast-hfb-mobile-header-display":"","site-post-title":"","ast-breadcrumbs-content":"","ast-featured-img":"","footer-sml-layout":"","ast-disable-related-posts":"","theme-transparent-header-meta":"","adv-header-id-meta":"","stick-header-meta":"","header-above-stick-meta":"","header-main-stick-meta":"","header-below-stick-meta":"","astra-migrate-meta-layouts":"default","ast-page-background-enabled":"default","ast-page-background-meta":{"desktop":{"background-color":"var(--ast-global-color-4)","background-image":"","background-repeat":"repeat","background-position":"center center","background-size":"auto","background-attachment":"scroll","background-type":"","background-media":"","overlay-type":"","overlay-color":"","overlay-opacity":"","overlay-gradient":""},"tablet":{"background-color":"","background-image":"","background-repeat":"repeat","background-position":"center center","background-size":"auto","background-attachment":"scroll","background-type":"","background-media":"","overlay-type":"","overlay-color":"","overlay-opacity":"","overlay-gradient":""},"mobile":{"background-color":"","background-image":"","background-repeat":"repeat","background-position":"center center","background-size":"auto","background-attachment":"scroll","background-type":"","background-media":"","overlay-type":"","overlay-color":"","overlay-opacity":"","overlay-gradient":""}},"ast-content-background-meta":{"desktop":{"background-color":"var(--ast-global-color-5)","background-image":"","background-repeat":"repeat","background-position":"center center","background-size":"auto","background-attachment":"scroll","background-type":"","background-media":"","overlay-type":"","overlay-color":"","overlay-opacity":"","overlay-gradient":""},"tablet":{"background-color":"var(--ast-global-color-5)","background-image":"","background-repeat":"repeat","background-position":"center center","background-size":"auto","background-attachment":"scroll","background-type":"","background-media":"","overlay-type":"","overlay-color":"","overlay-opacity":"","overlay-gradient":""},"mobile":{"background-color":"var(--ast-global-color-5)","background-image":"","background-repeat":"repeat","background-position":"center center","background-size":"auto","background-attachment":"scroll","background-type":"","background-media":"","overlay-type":"","overlay-color":"","overlay-opacity":"","overlay-gradient":""}},"footnotes":""},"categories":[1],"tags":[],"class_list":["post-6877","post","type-post","status-publish","format-standard","hentry","category-uncategorized"],"uagb_featured_image_src":{"full":false,"thumbnail":false,"medium":false,"medium_large":false,"large":false,"1536x1536":false,"2048x2048":false},"uagb_author_info":{"display_name":"UAHE","author_link":"https:\/\/uahe.es\/wordpress\/?author=1"},"uagb_comment_info":0,"uagb_excerpt":"El n\u00famero de parados cae por fin por debajo de los 3,5 millones El mes de julio finaliza con un nuevo m\u00ednimo de 331.486 personas en ERTE La afiliaci\u00f3n a la Seguridad Social pierde algo de fuerza respecto a junio Julio de r\u00e9cords para el mercado laboral. La econom\u00eda espa\u00f1ola sigue ganando tracci\u00f3n pese al&hellip;","_links":{"self":[{"href":"https:\/\/uahe.es\/wordpress\/index.php?rest_route=\/wp\/v2\/posts\/6877","targetHints":{"allow":["GET"]}}],"collection":[{"href":"https:\/\/uahe.es\/wordpress\/index.php?rest_route=\/wp\/v2\/posts"}],"about":[{"href":"https:\/\/uahe.es\/wordpress\/index.php?rest_route=\/wp\/v2\/types\/post"}],"author":[{"embeddable":true,"href":"https:\/\/uahe.es\/wordpress\/index.php?rest_route=\/wp\/v2\/users\/1"}],"replies":[{"embeddable":true,"href":"https:\/\/uahe.es\/wordpress\/index.php?rest_route=%2Fwp%2Fv2%2Fcomments&post=6877"}],"version-history":[{"count":2,"href":"https:\/\/uahe.es\/wordpress\/index.php?rest_route=\/wp\/v2\/posts\/6877\/revisions"}],"predecessor-version":[{"id":6880,"href":"https:\/\/uahe.es\/wordpress\/index.php?rest_route=\/wp\/v2\/posts\/6877\/revisions\/6880"}],"wp:attachment":[{"href":"https:\/\/uahe.es\/wordpress\/index.php?rest_route=%2Fwp%2Fv2%2Fmedia&parent=6877"}],"wp:term":[{"taxonomy":"category","embeddable":true,"href":"https:\/\/uahe.es\/wordpress\/index.php?rest_route=%2Fwp%2Fv2%2Fcategories&post=6877"},{"taxonomy":"post_tag","embeddable":true,"href":"https:\/\/uahe.es\/wordpress\/index.php?rest_route=%2Fwp%2Fv2%2Ftags&post=6877"}],"curies":[{"name":"wp","href":"https:\/\/api.w.org\/{rel}","templated":true}]}}