{"id":10765,"date":"2025-06-11T09:53:10","date_gmt":"2025-06-11T08:53:10","guid":{"rendered":"https:\/\/uahe.es\/wordpress\/?p=10765"},"modified":"2025-06-11T09:53:11","modified_gmt":"2025-06-11T08:53:11","slug":"el-banco-de-espana-alerta-de-que-la-facturacion-de-las-empresas-se-desplomo-en-el-segundo-trimestre-de-2025","status":"publish","type":"post","link":"https:\/\/uahe.es\/wordpress\/?p=10765","title":{"rendered":"El Banco de Espa\u00f1a alerta de que la facturaci\u00f3n de las empresas se desplom\u00f3 en el segundo trimestre de 2025"},"content":{"rendered":"\n<p class=\"has-vivid-red-color has-text-color has-link-color wp-elements-468bf4785729b80a0e1e39ec21f95e12\"><strong><em>Las empresas frenan ventas y precios, pero salvan el trimestre con empleo e inversi\u00f3n estables<\/em><\/strong><\/p>\n\n\n\n<p>El&nbsp;Banco de Espa\u00f1a&nbsp;ha vuelto a encender las luces de alerta sobre la salud econ\u00f3mica de las empresas espa\u00f1olas. Seg\u00fan el \u00faltimo&nbsp;bolet\u00edn econ\u00f3mico&nbsp;correspondiente al&nbsp;segundo trimestre de 2025, la actividad empresarial sufre una moderaci\u00f3n clara en la facturaci\u00f3n y en los precios, aunque resiste por el momento en materia de empleo e inversi\u00f3n.<\/p>\n\n\n\n<p>La instituci\u00f3n que preside\u00a0Jos\u00e9 Luis Escriv\u00e1\u00a0recoge las conclusiones de su\u00a0encuesta trimestral\u00a0a m\u00e1s de\u00a06.800 empresas\u00a0no financieras de todos los sectores, realizada entre el 5 y el 19 de mayo. En ella, se revela que la evoluci\u00f3n de las ventas ha empeorado respecto al trimestre anterior, rompiendo con la recuperaci\u00f3n que se viv\u00eda a comienzos del a\u00f1o. Una se\u00f1al que se suma a la debilidad del\u00a0sector industrial\u00a0europeo y a la ca\u00edda de la\u00a0actividad manufacturera\u00a0que se empieza a vislumbrar.<\/p>\n\n\n\n<p>Las respuestas de las empresas, una vez desestacionalizadas, apuntan a una&nbsp;contracci\u00f3n de la facturaci\u00f3n.&nbsp;En paralelo, la&nbsp;presi\u00f3n inflacionaria&nbsp;sobre los precios de venta&nbsp;ha disminuido&nbsp;de forma considerable, lo que, pese a que puede ser una buena noticia para el consumidor final, no lo es para las empresas.<\/p>\n\n\n\n<p>Solo el 22,3\u202f% de las empresas afirma haber subido precios en este segundo trimestre, frente al 33,3\u202f% del trimestre anterior. Esta&nbsp;ca\u00edda de once puntos porcentuales es especialmente significativa, ya que supone una desaceleraci\u00f3n clara del traslado de costes al consumidor lo que, seg\u00fan el Banco de Espa\u00f1a, puede estar relacionado con una menor capacidad de las empresas para repercutir aumentos por la ca\u00edda de la demanda. Ca\u00edda que tambi\u00e9n constata ya el&nbsp;Banco Central Europeo, que acompa\u00f1a con recortes de tipos de inter\u00e9s lo que espera que sea un&nbsp;aterrizaje suave de la econom\u00eda, que tampoco termin\u00f3 de crecer en muchos puntos de Europa, especialmente&nbsp;Alemania<strong>.<\/strong><\/p>\n\n\n\n<p>La alerta del&nbsp;Banco de Espa\u00f1a, en todo caso, es especialmente significativa en tanto que la ca\u00edda de la facturaci\u00f3n, precios y ventas se produce en un entorno en el que el Gobierno presume de un fuerte crecimiento. El problema es, precisamente, que un tercio de ese crecimiento depende exclusivamente del sector p\u00fablico, y m\u00e1s del 50% del sector servicios.<\/p>\n\n\n\n<p>En todo caso, el\u00a0Banco de Espa\u00f1a\u00a0trata de no dar s\u00f3lo malas noticias en su informe. Destaca que el empleo se mantiene estable, y que la inversi\u00f3n muestra incluso un repunte respecto al primer trimestre de 2025. En concreto, el 18,5\u202f% de las empresas asegura haber aumentado su inversi\u00f3n en este segundo trimestre, frente al 16,3\u202f% del anterior. La previsi\u00f3n para el pr\u00f3ximo trimestre tambi\u00e9n mejora ligeramente en todos los sectores, lo que\u00a0apunta a un entorno de cautela, pero no de colapso. Eso s\u00ed,\u00a0ha rebajado su previsi\u00f3n de crecimiento para Espa\u00f1a al 2,4%.<\/p>\n\n\n\n<p class=\"has-vivid-red-color has-text-color has-link-color wp-elements-252870b3411d18c5f0716db8f33be606\"><strong><em>Las empresas y los aranceles de EE. UU.<\/em><\/strong><\/p>\n\n\n\n<p>Uno de los aspectos novedosos del informe de este trimestre es la inclusi\u00f3n de un m\u00f3dulo especial dedicado al impacto que est\u00e1n generando los nuevos aranceles comerciales de&nbsp;Estados Unidos, en un contexto global cada vez m\u00e1s vol\u00e1til. Seg\u00fan el&nbsp;Banco de Espa\u00f1a, cerca del&nbsp;30\u202f% de las empresas consultadas se sienten afectadas negativamente&nbsp;por la situaci\u00f3n internacional y las nuevas barreras comerciales.<\/p>\n\n\n\n<p>No obstante, la instituci\u00f3n aclara que&nbsp;el impacto no se debe tanto a los aranceles en s\u00ed mismos, como a la incertidumbre general&nbsp;que est\u00e1n generando en la actividad econ\u00f3mica global. Es decir, el impacto econ\u00f3mico real es muy escaso. Distintos organismos cuestionan, de hecho, que el Gobierno destine tanto esfuerzo a paliar el impacto de los aranceles, cuando ese impacto es \u00ednfimo. A cambio, la&nbsp;reducci\u00f3n de jornada, por ejemplo, tendr\u00e1 un impacto much\u00edsimo mayor en sus cuentas, como ha destacado en diversas ocasiones&nbsp;Cepyme.<\/p>\n\n\n\n<p>La mayor\u00eda de las empresas afectadas no exportan directamente a Estados Unidos, sino que operan en&nbsp;entornos industriales&nbsp;interconectados donde el aumento de costes y los cambios de reglas comerciales afectan a toda la cadena.<\/p>\n\n\n\n<p>Frente a esta nueva amenaza, las empresas espa\u00f1olas ya se est\u00e1n preparando. Seg\u00fan las respuestas recogidas por el Banco de Espa\u00f1a:&nbsp;el 45\u202f% de las compa\u00f1\u00edas afectadas planea trasladar parte del coste&nbsp;al precio de venta, el 34\u202f% buscar\u00e1 nuevos proveedores para reducir su exposici\u00f3n, y el 28\u202f% tratar\u00e1 de abrir nuevos mercados fuera del entorno norteamericano.<\/p>\n\n\n\n<p>Este comportamiento revela una clara estrategia de adaptaci\u00f3n, aunque el informe no entra a valorar si estos movimientos ser\u00e1n suficientes para evitar futuras tensiones en m\u00e1rgenes o empleo.<\/p>\n\n\n\n<p class=\"has-vivid-red-color has-text-color has-link-color wp-elements-122d218c8e010f4f5eca11842faa1c9a\"><strong><em>Se\u00f1ales mixtas en la inversi\u00f3n<\/em><\/strong><\/p>\n\n\n\n<p>En conjunto, el documento del Banco de Espa\u00f1a dibuja una fotograf\u00eda ambivalente: la econom\u00eda empresarial no se derrumba, pero los motores se enfr\u00edan. La reducci\u00f3n en la proporci\u00f3n de empresas que aumentan precios o facturaci\u00f3n es clara. Y aunque el empleo a\u00fan resiste y la inversi\u00f3n gana algo de fuerza,&nbsp;la dependencia de factores externos&nbsp;(como los aranceles o la desaceleraci\u00f3n internacional) a\u00f1ade una&nbsp;sombra de incertidumbre&nbsp;a medio plazo.<\/p>\n\n\n\n<p>El informe tambi\u00e9n recoge que los costes intermedios est\u00e1n dando un respiro. El porcentaje de empresas que declaran haber sufrido un aumento de costes baja desde el 56,6\u202f% en el primer trimestre, hasta el 43,4\u202f% en el segundo. Se trata de una mejora clara, aunque los niveles siguen siendo elevados para muchas firmas, especialmente en sectores industriales y de alimentaci\u00f3n.<\/p>\n\n\n\n<p>Con todo, el&nbsp;Banco de Espa\u00f1a&nbsp;lanza un mensaje de prudencia: las expectativas son moderadamente mejores para el pr\u00f3ximo trimestre, pero sujetas a los vaivenes del entorno global. La&nbsp;inversi\u00f3n&nbsp;puede actuar de sost\u00e9n, pero si la demanda no remonta, los datos de empleo y precios podr\u00edan deteriorarse en los pr\u00f3ximos meses.<\/p>\n\n\n\n<p><strong>OK DIARIO.COM \u2013 10 de junio 2025<\/strong><\/p>\n","protected":false},"excerpt":{"rendered":"<p>Las empresas frenan ventas y precios, pero salvan el trimestre con empleo e inversi\u00f3n estables El&nbsp;Banco de Espa\u00f1a&nbsp;ha vuelto a encender las luces de alerta sobre la salud econ\u00f3mica de las empresas espa\u00f1olas. Seg\u00fan el \u00faltimo&nbsp;bolet\u00edn econ\u00f3mico&nbsp;correspondiente al&nbsp;segundo trimestre de 2025, la actividad empresarial sufre una moderaci\u00f3n clara en la facturaci\u00f3n y en los precios, [&hellip;]<\/p>\n","protected":false},"author":1,"featured_media":0,"comment_status":"closed","ping_status":"closed","sticky":false,"template":"","format":"standard","meta":{"_uag_custom_page_level_css":"","site-sidebar-layout":"default","site-content-layout":"","ast-site-content-layout":"default","site-content-style":"default","site-sidebar-style":"default","ast-global-header-display":"","ast-banner-title-visibility":"","ast-main-header-display":"","ast-hfb-above-header-display":"","ast-hfb-below-header-display":"","ast-hfb-mobile-header-display":"","site-post-title":"","ast-breadcrumbs-content":"","ast-featured-img":"","footer-sml-layout":"","ast-disable-related-posts":"","theme-transparent-header-meta":"","adv-header-id-meta":"","stick-header-meta":"","header-above-stick-meta":"","header-main-stick-meta":"","header-below-stick-meta":"","astra-migrate-meta-layouts":"set","ast-page-background-enabled":"default","ast-page-background-meta":{"desktop":{"background-color":"var(--ast-global-color-4)","background-image":"","background-repeat":"repeat","background-position":"center center","background-size":"auto","background-attachment":"scroll","background-type":"","background-media":"","overlay-type":"","overlay-color":"","overlay-opacity":"","overlay-gradient":""},"tablet":{"background-color":"","background-image":"","background-repeat":"repeat","background-position":"center center","background-size":"auto","background-attachment":"scroll","background-type":"","background-media":"","overlay-type":"","overlay-color":"","overlay-opacity":"","overlay-gradient":""},"mobile":{"background-color":"","background-image":"","background-repeat":"repeat","background-position":"center center","background-size":"auto","background-attachment":"scroll","background-type":"","background-media":"","overlay-type":"","overlay-color":"","overlay-opacity":"","overlay-gradient":""}},"ast-content-background-meta":{"desktop":{"background-color":"var(--ast-global-color-5)","background-image":"","background-repeat":"repeat","background-position":"center center","background-size":"auto","background-attachment":"scroll","background-type":"","background-media":"","overlay-type":"","overlay-color":"","overlay-opacity":"","overlay-gradient":""},"tablet":{"background-color":"var(--ast-global-color-5)","background-image":"","background-repeat":"repeat","background-position":"center center","background-size":"auto","background-attachment":"scroll","background-type":"","background-media":"","overlay-type":"","overlay-color":"","overlay-opacity":"","overlay-gradient":""},"mobile":{"background-color":"var(--ast-global-color-5)","background-image":"","background-repeat":"repeat","background-position":"center center","background-size":"auto","background-attachment":"scroll","background-type":"","background-media":"","overlay-type":"","overlay-color":"","overlay-opacity":"","overlay-gradient":""}},"footnotes":""},"categories":[9],"tags":[],"class_list":["post-10765","post","type-post","status-publish","format-standard","hentry","category-noticias"],"uagb_featured_image_src":{"full":false,"thumbnail":false,"medium":false,"medium_large":false,"large":false,"1536x1536":false,"2048x2048":false},"uagb_author_info":{"display_name":"UAHE","author_link":"https:\/\/uahe.es\/wordpress\/?author=1"},"uagb_comment_info":0,"uagb_excerpt":"Las empresas frenan ventas y precios, pero salvan el trimestre con empleo e inversi\u00f3n estables El&nbsp;Banco de Espa\u00f1a&nbsp;ha vuelto a encender las luces de alerta sobre la salud econ\u00f3mica de las empresas espa\u00f1olas. Seg\u00fan el \u00faltimo&nbsp;bolet\u00edn econ\u00f3mico&nbsp;correspondiente al&nbsp;segundo trimestre de 2025, la actividad empresarial sufre una moderaci\u00f3n clara en la facturaci\u00f3n y en los precios,&hellip;","_links":{"self":[{"href":"https:\/\/uahe.es\/wordpress\/index.php?rest_route=\/wp\/v2\/posts\/10765","targetHints":{"allow":["GET"]}}],"collection":[{"href":"https:\/\/uahe.es\/wordpress\/index.php?rest_route=\/wp\/v2\/posts"}],"about":[{"href":"https:\/\/uahe.es\/wordpress\/index.php?rest_route=\/wp\/v2\/types\/post"}],"author":[{"embeddable":true,"href":"https:\/\/uahe.es\/wordpress\/index.php?rest_route=\/wp\/v2\/users\/1"}],"replies":[{"embeddable":true,"href":"https:\/\/uahe.es\/wordpress\/index.php?rest_route=%2Fwp%2Fv2%2Fcomments&post=10765"}],"version-history":[{"count":1,"href":"https:\/\/uahe.es\/wordpress\/index.php?rest_route=\/wp\/v2\/posts\/10765\/revisions"}],"predecessor-version":[{"id":10766,"href":"https:\/\/uahe.es\/wordpress\/index.php?rest_route=\/wp\/v2\/posts\/10765\/revisions\/10766"}],"wp:attachment":[{"href":"https:\/\/uahe.es\/wordpress\/index.php?rest_route=%2Fwp%2Fv2%2Fmedia&parent=10765"}],"wp:term":[{"taxonomy":"category","embeddable":true,"href":"https:\/\/uahe.es\/wordpress\/index.php?rest_route=%2Fwp%2Fv2%2Fcategories&post=10765"},{"taxonomy":"post_tag","embeddable":true,"href":"https:\/\/uahe.es\/wordpress\/index.php?rest_route=%2Fwp%2Fv2%2Ftags&post=10765"}],"curies":[{"name":"wp","href":"https:\/\/api.w.org\/{rel}","templated":true}]}}