{"id":10760,"date":"2025-06-03T10:01:10","date_gmt":"2025-06-03T09:01:10","guid":{"rendered":"https:\/\/uahe.es\/wordpress\/?p=10760"},"modified":"2025-06-03T10:06:30","modified_gmt":"2025-06-03T09:06:30","slug":"bruselas-amenaza-a-trump-con-aranceles-reciprocos-tras-anunciar-que-elevara-el-gravamen-al-acero-y-aluminio-al-50","status":"publish","type":"post","link":"https:\/\/uahe.es\/wordpress\/?p=10760","title":{"rendered":"Bruselas amenaza a Trump con aranceles rec\u00edprocos tras anunciar que elevar\u00e1 el gravamen al acero y aluminio al 50%"},"content":{"rendered":"\n<p class=\"has-vivid-red-color has-text-color has-link-color wp-elements-b94153b5ad3443a66e62b27fb7fcb097\"><strong><em>La Comisi\u00f3n Europea avisa de que \u00absocava los esfuerzos\u00bb por una soluci\u00f3n negociada<\/em><\/strong><\/p>\n\n\n\n<p class=\"has-vivid-red-color has-text-color has-link-color wp-elements-219c0406e578d026546517a2429df940\"><strong><em>Si no hay acuerdo&nbsp;las medidas anunciadas y otras nuevas entrar\u00e1n en vigor el 14 de julio<\/em><\/strong><\/p>\n\n\n\n<p>Un nuevo se\u00edsmo comercial llegaba este fin de semana desde el otro lado del Atl\u00e1ntico. El presidente de Estados Unidos, Donald Trump, anunciaba su intenci\u00f3n de elevar del 25% al 50% los aranceles al acero y aluminio importados de la UE. La medida, que entrar\u00eda en vigor el 4 de junio, no ha sentado muy bien en Bruselas. La Comisi\u00f3n Europea ha lamentado la decisi\u00f3n de la Casa Blanca pero tambi\u00e9n le ha advertido de que&nbsp;aplicar\u00e1 medidas rec\u00edprocas \u00absi las circunstancias lo requieren\u00bb.<\/p>\n\n\n\n<p>\u00abLamentamos profundamente el anuncio\u00bb, ha indicado el portavoz comunitario de Comercio, Olof Gill, ya que&nbsp;\u00absocava nuestros esfuerzos continuos por alcanzar una soluci\u00f3n negociada&nbsp;con EE. UU.\u00bb. En caso de que las negociaciones no lleguen a buen puerto, \u00abla UE est\u00e1 preparada para imponer medidas rec\u00edprocas, incluidas en respuesta a este \u00faltimo incremento arancelario\u00bb, ha sostenido.<\/p>\n\n\n\n<p>Si Bruselas y Washington no son capaces de llegar a un entendimiento que sea aceptable para ambas partes,&nbsp;\u00ablas medidas existentes y otras nuevas medidas entrar\u00e1n en vigor de forma autom\u00e1tica el 14 de julio\u00bb, ha advertido el portavoz comunitario, o antes \u00absi las circunstancias lo requieren\u00bb.<\/p>\n\n\n\n<p>La Comisi\u00f3n Europea ha sido clara al expresar su intenci\u00f3n de&nbsp;\u00abproteger los intereses de la UE\u00bb, ha incidido Gill. \u00abCreemos que esta decisi\u00f3n suma m\u00e1s incertidumbre a la econom\u00eda mundial, incrementa los costes para los consumidores y las empresas a ambos lados del Atl\u00e1ntico\u00bb, ha agregado.<\/p>\n\n\n\n<p>La decisi\u00f3n del republicano se interpreta como una manera de quebrantar la&nbsp;pausa arancelaria de 90 d\u00edas que Bruselas y Washington&nbsp;pactaron el pasado mes de abril. Era una f\u00f3rmula para rebajar las tensiones comerciales, para pausar la escalada, para negociar y encontrar una v\u00eda que permitiera aliviar la carga de grav\u00e1menes adicionales a ambos lados del Atl\u00e1ntico.<\/p>\n\n\n\n<p>\u00abLa UE, como muestra de buena fe, paus\u00f3 sus contramedidas en abril de este a\u00f1o\u00bb, ha recordado el portavoz comunitario. Una ronda de aranceles que todav\u00eda eran la respuesta a los&nbsp;primeros grav\u00e1menes de acero y aluminio de Trump y que afectaban a los vaqueros Levy&#8217;s&nbsp;o las motos Harley Davidson. La intenci\u00f3n era crear espacio para las negociaciones, que todav\u00eda est\u00e1n en marcha.<\/p>\n\n\n\n<p>De hecho, el comisario de Comercio, Maros Sefcovic, se reunir\u00e1 con su hom\u00f3logo estadounidense el mi\u00e9rcoles en Par\u00eds. Bruselas est\u00e1, en paralelo, finalizando su consulta con las partes implicadas y los Estados miembro para empezar a aplicar sobre Washington una nueva ronda de grav\u00e1menes que&nbsp;tendr\u00e1 un impacto de cerca de 100.000 millones de euros en exportaciones estadounidenses.<\/p>\n\n\n\n<p>\u00abSi las negociaciones no llegan a un resultado justo y equilibrado, todas las opciones est\u00e1n sobre la mesa\u00bb, ha recordado el portavoz comunitario. Actualmente se han acelerado las conversaciones entre ambas partes despu\u00e9s de que la pasada semana el l\u00edder republicano amenazara con elevar los aranceles al 50% si las negociaciones no avanzaban. La intenci\u00f3n de la Comisi\u00f3n Europea contin\u00faa siendo una desescalada arancelaria y la amenaza de&nbsp;Trump se resolvi\u00f3 con un plazo l\u00edmite: el 9 de julio, como se hab\u00eda pactado previamente.<\/p>\n\n\n\n<p><strong>EL ECONOMISTA \u2013 2 de junio 2025<\/strong><\/p>\n","protected":false},"excerpt":{"rendered":"<p>La Comisi\u00f3n Europea avisa de que \u00absocava los esfuerzos\u00bb por una soluci\u00f3n negociada Si no hay acuerdo&nbsp;las medidas anunciadas y otras nuevas entrar\u00e1n en vigor el 14 de julio Un nuevo se\u00edsmo comercial llegaba este fin de semana desde el otro lado del Atl\u00e1ntico. El presidente de Estados Unidos, Donald Trump, anunciaba su intenci\u00f3n de [&hellip;]<\/p>\n","protected":false},"author":1,"featured_media":0,"comment_status":"closed","ping_status":"closed","sticky":false,"template":"","format":"standard","meta":{"_uag_custom_page_level_css":"","site-sidebar-layout":"default","site-content-layout":"","ast-site-content-layout":"default","site-content-style":"default","site-sidebar-style":"default","ast-global-header-display":"","ast-banner-title-visibility":"","ast-main-header-display":"","ast-hfb-above-header-display":"","ast-hfb-below-header-display":"","ast-hfb-mobile-header-display":"","site-post-title":"","ast-breadcrumbs-content":"","ast-featured-img":"","footer-sml-layout":"","ast-disable-related-posts":"","theme-transparent-header-meta":"","adv-header-id-meta":"","stick-header-meta":"","header-above-stick-meta":"","header-main-stick-meta":"","header-below-stick-meta":"","astra-migrate-meta-layouts":"set","ast-page-background-enabled":"default","ast-page-background-meta":{"desktop":{"background-color":"var(--ast-global-color-4)","background-image":"","background-repeat":"repeat","background-position":"center center","background-size":"auto","background-attachment":"scroll","background-type":"","background-media":"","overlay-type":"","overlay-color":"","overlay-opacity":"","overlay-gradient":""},"tablet":{"background-color":"","background-image":"","background-repeat":"repeat","background-position":"center center","background-size":"auto","background-attachment":"scroll","background-type":"","background-media":"","overlay-type":"","overlay-color":"","overlay-opacity":"","overlay-gradient":""},"mobile":{"background-color":"","background-image":"","background-repeat":"repeat","background-position":"center center","background-size":"auto","background-attachment":"scroll","background-type":"","background-media":"","overlay-type":"","overlay-color":"","overlay-opacity":"","overlay-gradient":""}},"ast-content-background-meta":{"desktop":{"background-color":"var(--ast-global-color-5)","background-image":"","background-repeat":"repeat","background-position":"center center","background-size":"auto","background-attachment":"scroll","background-type":"","background-media":"","overlay-type":"","overlay-color":"","overlay-opacity":"","overlay-gradient":""},"tablet":{"background-color":"var(--ast-global-color-5)","background-image":"","background-repeat":"repeat","background-position":"center center","background-size":"auto","background-attachment":"scroll","background-type":"","background-media":"","overlay-type":"","overlay-color":"","overlay-opacity":"","overlay-gradient":""},"mobile":{"background-color":"var(--ast-global-color-5)","background-image":"","background-repeat":"repeat","background-position":"center center","background-size":"auto","background-attachment":"scroll","background-type":"","background-media":"","overlay-type":"","overlay-color":"","overlay-opacity":"","overlay-gradient":""}},"footnotes":""},"categories":[9],"tags":[],"class_list":["post-10760","post","type-post","status-publish","format-standard","hentry","category-noticias"],"uagb_featured_image_src":{"full":false,"thumbnail":false,"medium":false,"medium_large":false,"large":false,"1536x1536":false,"2048x2048":false},"uagb_author_info":{"display_name":"UAHE","author_link":"https:\/\/uahe.es\/wordpress\/?author=1"},"uagb_comment_info":0,"uagb_excerpt":"La Comisi\u00f3n Europea avisa de que \u00absocava los esfuerzos\u00bb por una soluci\u00f3n negociada Si no hay acuerdo&nbsp;las medidas anunciadas y otras nuevas entrar\u00e1n en vigor el 14 de julio Un nuevo se\u00edsmo comercial llegaba este fin de semana desde el otro lado del Atl\u00e1ntico. El presidente de Estados Unidos, Donald Trump, anunciaba su intenci\u00f3n de&hellip;","_links":{"self":[{"href":"https:\/\/uahe.es\/wordpress\/index.php?rest_route=\/wp\/v2\/posts\/10760","targetHints":{"allow":["GET"]}}],"collection":[{"href":"https:\/\/uahe.es\/wordpress\/index.php?rest_route=\/wp\/v2\/posts"}],"about":[{"href":"https:\/\/uahe.es\/wordpress\/index.php?rest_route=\/wp\/v2\/types\/post"}],"author":[{"embeddable":true,"href":"https:\/\/uahe.es\/wordpress\/index.php?rest_route=\/wp\/v2\/users\/1"}],"replies":[{"embeddable":true,"href":"https:\/\/uahe.es\/wordpress\/index.php?rest_route=%2Fwp%2Fv2%2Fcomments&post=10760"}],"version-history":[{"count":1,"href":"https:\/\/uahe.es\/wordpress\/index.php?rest_route=\/wp\/v2\/posts\/10760\/revisions"}],"predecessor-version":[{"id":10761,"href":"https:\/\/uahe.es\/wordpress\/index.php?rest_route=\/wp\/v2\/posts\/10760\/revisions\/10761"}],"wp:attachment":[{"href":"https:\/\/uahe.es\/wordpress\/index.php?rest_route=%2Fwp%2Fv2%2Fmedia&parent=10760"}],"wp:term":[{"taxonomy":"category","embeddable":true,"href":"https:\/\/uahe.es\/wordpress\/index.php?rest_route=%2Fwp%2Fv2%2Fcategories&post=10760"},{"taxonomy":"post_tag","embeddable":true,"href":"https:\/\/uahe.es\/wordpress\/index.php?rest_route=%2Fwp%2Fv2%2Ftags&post=10760"}],"curies":[{"name":"wp","href":"https:\/\/api.w.org\/{rel}","templated":true}]}}