{"id":10626,"date":"2025-05-21T09:43:14","date_gmt":"2025-05-21T08:43:14","guid":{"rendered":"https:\/\/uahe.es\/wordpress\/?p=10626"},"modified":"2025-05-21T09:43:15","modified_gmt":"2025-05-21T08:43:15","slug":"el-consumo-de-cemento-cae-un-32-en-abril-influido-por-el-efecto-calendario","status":"publish","type":"post","link":"https:\/\/uahe.es\/wordpress\/?p=10626","title":{"rendered":"El consumo de cemento cae un 3,2% en abril, influido por el efecto calendario"},"content":{"rendered":"\n<p>El consumo de cemento ha ca\u00eddo un 3,2% en abril, lo que lo sit\u00faa, en valores absolutos, en 1.282.296 toneladas, con una p\u00e9rdida de 42.134 t respecto al mismo periodo del a\u00f1o anterior, seg\u00fan recogen los \u00faltimos datos publicados en la Estad\u00edstica del Cemento.<\/p>\n\n\n\n<p>\u201cEste dato se ha visto influido por el efecto calendario, al contar con m\u00e1s festivos que el pasado a\u00f1o, por celebrarse la Semana Santa de 2025 en abril. As\u00ed, el dato de consumo medio diario, que como ya hemos indicado en otras ocasiones solo contempla los d\u00edas h\u00e1biles, arroja un resultado positivo, con un crecimiento del 6,5% respecto al mismo mes del pasado a\u00f1o\u201d, indica el director general de Oficemen, Aniceto Zaragoza.<\/p>\n\n\n\n<p>El consumo acumulado en los cuatro primeros meses del a\u00f1o se sit\u00faa en 4.882.787 t, con un crecimiento del 5% respecto al mismo per\u00edodo de 2024.<\/p>\n\n\n\n<p>En datos de a\u00f1o m\u00f3vil, en los \u00faltimos 12 meses (may\u201924-abr\u201925), el crecimiento se sit\u00faa en un 6,1%, con un consumo total de 15.133.488 t.<\/p>\n\n\n\n<p class=\"has-vivid-red-color has-text-color has-link-color wp-elements-f2956744fb39dd3e03bb5ad179704b54\"><strong><em>Las exportaciones caen un 0,3% en abril<\/em><\/strong><\/p>\n\n\n\n<p>Las exportaciones han tenido una peque\u00f1a ca\u00edda del -0,3% en abril, con un volumen total de 418.433 t exportadas, que se traduce en una p\u00e9rdida de 1.258 t respecto al mismo mes del a\u00f1o anterior. En el acumulado anual, las exportaciones caen un 1,7%, que supone unas ventas en el exterior de 1.490.436 t, y un diferencial en negativo respecto al mismo periodo anterior de 25.751 t.<br>En datos de a\u00f1o m\u00f3vil, las exportaciones salen de n\u00fameros rojos, con un crecimiento del 1,2% en los \u00faltimos 12 meses, situ\u00e1ndose en 4.897.403 t, casi 60.000 t m\u00e1s que en el mismo per\u00edodo anterior.<\/p>\n\n\n\n<p><strong>OFICEMEN \u2013 20 de mayo 2025<\/strong><\/p>\n","protected":false},"excerpt":{"rendered":"<p>El consumo de cemento ha ca\u00eddo un 3,2% en abril, lo que lo sit\u00faa, en valores absolutos, en 1.282.296 toneladas, con una p\u00e9rdida de 42.134 t respecto al mismo periodo del a\u00f1o anterior, seg\u00fan recogen los \u00faltimos datos publicados en la Estad\u00edstica del Cemento. \u201cEste dato se ha visto influido por el efecto calendario, al [&hellip;]<\/p>\n","protected":false},"author":1,"featured_media":0,"comment_status":"closed","ping_status":"closed","sticky":false,"template":"","format":"standard","meta":{"_uag_custom_page_level_css":"","site-sidebar-layout":"default","site-content-layout":"","ast-site-content-layout":"default","site-content-style":"default","site-sidebar-style":"default","ast-global-header-display":"","ast-banner-title-visibility":"","ast-main-header-display":"","ast-hfb-above-header-display":"","ast-hfb-below-header-display":"","ast-hfb-mobile-header-display":"","site-post-title":"","ast-breadcrumbs-content":"","ast-featured-img":"","footer-sml-layout":"","ast-disable-related-posts":"","theme-transparent-header-meta":"","adv-header-id-meta":"","stick-header-meta":"","header-above-stick-meta":"","header-main-stick-meta":"","header-below-stick-meta":"","astra-migrate-meta-layouts":"set","ast-page-background-enabled":"default","ast-page-background-meta":{"desktop":{"background-color":"var(--ast-global-color-4)","background-image":"","background-repeat":"repeat","background-position":"center center","background-size":"auto","background-attachment":"scroll","background-type":"","background-media":"","overlay-type":"","overlay-color":"","overlay-opacity":"","overlay-gradient":""},"tablet":{"background-color":"","background-image":"","background-repeat":"repeat","background-position":"center center","background-size":"auto","background-attachment":"scroll","background-type":"","background-media":"","overlay-type":"","overlay-color":"","overlay-opacity":"","overlay-gradient":""},"mobile":{"background-color":"","background-image":"","background-repeat":"repeat","background-position":"center center","background-size":"auto","background-attachment":"scroll","background-type":"","background-media":"","overlay-type":"","overlay-color":"","overlay-opacity":"","overlay-gradient":""}},"ast-content-background-meta":{"desktop":{"background-color":"var(--ast-global-color-5)","background-image":"","background-repeat":"repeat","background-position":"center center","background-size":"auto","background-attachment":"scroll","background-type":"","background-media":"","overlay-type":"","overlay-color":"","overlay-opacity":"","overlay-gradient":""},"tablet":{"background-color":"var(--ast-global-color-5)","background-image":"","background-repeat":"repeat","background-position":"center center","background-size":"auto","background-attachment":"scroll","background-type":"","background-media":"","overlay-type":"","overlay-color":"","overlay-opacity":"","overlay-gradient":""},"mobile":{"background-color":"var(--ast-global-color-5)","background-image":"","background-repeat":"repeat","background-position":"center center","background-size":"auto","background-attachment":"scroll","background-type":"","background-media":"","overlay-type":"","overlay-color":"","overlay-opacity":"","overlay-gradient":""}},"footnotes":""},"categories":[9],"tags":[],"class_list":["post-10626","post","type-post","status-publish","format-standard","hentry","category-noticias"],"uagb_featured_image_src":{"full":false,"thumbnail":false,"medium":false,"medium_large":false,"large":false,"1536x1536":false,"2048x2048":false},"uagb_author_info":{"display_name":"UAHE","author_link":"https:\/\/uahe.es\/wordpress\/?author=1"},"uagb_comment_info":0,"uagb_excerpt":"El consumo de cemento ha ca\u00eddo un 3,2% en abril, lo que lo sit\u00faa, en valores absolutos, en 1.282.296 toneladas, con una p\u00e9rdida de 42.134 t respecto al mismo periodo del a\u00f1o anterior, seg\u00fan recogen los \u00faltimos datos publicados en la Estad\u00edstica del Cemento. \u201cEste dato se ha visto influido por el efecto calendario, al&hellip;","_links":{"self":[{"href":"https:\/\/uahe.es\/wordpress\/index.php?rest_route=\/wp\/v2\/posts\/10626","targetHints":{"allow":["GET"]}}],"collection":[{"href":"https:\/\/uahe.es\/wordpress\/index.php?rest_route=\/wp\/v2\/posts"}],"about":[{"href":"https:\/\/uahe.es\/wordpress\/index.php?rest_route=\/wp\/v2\/types\/post"}],"author":[{"embeddable":true,"href":"https:\/\/uahe.es\/wordpress\/index.php?rest_route=\/wp\/v2\/users\/1"}],"replies":[{"embeddable":true,"href":"https:\/\/uahe.es\/wordpress\/index.php?rest_route=%2Fwp%2Fv2%2Fcomments&post=10626"}],"version-history":[{"count":1,"href":"https:\/\/uahe.es\/wordpress\/index.php?rest_route=\/wp\/v2\/posts\/10626\/revisions"}],"predecessor-version":[{"id":10627,"href":"https:\/\/uahe.es\/wordpress\/index.php?rest_route=\/wp\/v2\/posts\/10626\/revisions\/10627"}],"wp:attachment":[{"href":"https:\/\/uahe.es\/wordpress\/index.php?rest_route=%2Fwp%2Fv2%2Fmedia&parent=10626"}],"wp:term":[{"taxonomy":"category","embeddable":true,"href":"https:\/\/uahe.es\/wordpress\/index.php?rest_route=%2Fwp%2Fv2%2Fcategories&post=10626"},{"taxonomy":"post_tag","embeddable":true,"href":"https:\/\/uahe.es\/wordpress\/index.php?rest_route=%2Fwp%2Fv2%2Ftags&post=10626"}],"curies":[{"name":"wp","href":"https:\/\/api.w.org\/{rel}","templated":true}]}}