{"id":10568,"date":"2025-04-24T10:29:30","date_gmt":"2025-04-24T09:29:30","guid":{"rendered":"https:\/\/uahe.es\/wordpress\/?p=10568"},"modified":"2025-04-24T10:29:31","modified_gmt":"2025-04-24T09:29:31","slug":"el-consumo-de-cemento-cierra-el-primer-trimestre-con-un-crecimiento-del-78","status":"publish","type":"post","link":"https:\/\/uahe.es\/wordpress\/?p=10568","title":{"rendered":"El consumo de cemento cierra el primer trimestre con un crecimiento del 7,8%"},"content":{"rendered":"\n<p>El consumo de cemento ha crecido un 7,8% en el primer trimestre, lo que sit\u00faa el acumulado en 3.587.540 toneladas, 263.489 t m\u00e1s que en el mismo periodo de 2024, seg\u00fan recogen los \u00faltimos datos publicados en la Estad\u00edstica del Cemento.<\/p>\n\n\n\n<p>En marzo, el consumo se ha elevado un 10,4%, que en valores absolutos se traduce en 1.215.778 t, con una ganancia de 114.936 t respecto al mismo mes de 2024.<\/p>\n\n\n\n<p>\u201cNuestro an\u00e1lisis refleja que el resultado del pasado mes se ha visto influido por el efecto calendario, con menos festivos que el a\u00f1o pasado, en el que la Semana Santa se celebr\u00f3 en marzo. De hecho, el dato de consumo medio diario, que solo contempla los d\u00edas h\u00e1biles, refleja un crecimiento plano del -0,1%. Por otra parte, el efecto lluvia no ha incidido significativamente en la comparativa del consumo, ya que marzo de 2024 tambi\u00e9n fue uno de los m\u00e1s lluviosos de las \u00faltimas d\u00e9cadas seg\u00fan la AEMET\u201d, explica Aniceto Zaragoza, director general de Oficemen.<\/p>\n\n\n\n<p>Por lo que respecta a los datos acumulados de a\u00f1o m\u00f3vil, en los \u00faltimos 12 meses (abr\u201924-mar\u201925), el crecimiento se sit\u00faa ya en un 7,3%, con un consumo total de 15.162.671 t, lo que supone recuperar 1.036.329 t respecto al mismo per\u00edodo anterior.<\/p>\n\n\n\n<p>\u201cAunque los indicadores externos en conjunto parecen halag\u00fce\u00f1os, con las licitaciones de obra p\u00fablica creciendo un 16,7% en datos de a\u00f1o m\u00f3vil a febrero, y los visados de vivienda un 13,7% en a\u00f1o m\u00f3vil a enero, en otros se mantiene una coyuntura de incertidumbre.&nbsp; As\u00ed, el \u00cdndice de Producci\u00f3n Industrial (IPI) muestra una variaci\u00f3n interanual a febrero del -1,5% para los bienes intermedios, dentro de los cuales se sit\u00faa el cemento, que registra una tasa de variaci\u00f3n negativa del -5,6%, explica Aniceto Zaragoza.<\/p>\n\n\n\n<p>\u201cTambi\u00e9n nos preocupa la coyuntura comercial internacional. M\u00e1s all\u00e1 de que EE. UU. sea nuestro tercer mercado destino de exportaciones, con 11% sobre el total, el Banco de Espa\u00f1a ya ha alertado de que la escalada arancelaria puede afectar al PIB espa\u00f1ol\u201d, a\u00f1ade Zaragoza.<\/p>\n\n\n\n<p class=\"has-vivid-red-color has-text-color has-link-color wp-elements-9ed79dd4c01e71f205e1f96af5164794\"><strong><em>Las exportaciones caen un 2,4% en el trimestre<\/em><\/strong><\/p>\n\n\n\n<p>Las exportaciones han retrocedido un 2,4% en el primer trimestre, con un volumen total de 1.069.679 t exportadas, y una p\u00e9rdida de 6.793 t respecto al mismo per\u00edodo del a\u00f1o anterior. En marzo, la evoluci\u00f3n fue ligeramente positiva, con un crecimiento del 0,8% que supuso unas ventas en el exterior de 423.712 t, aunque el diferencial respecto al mismo mes del a\u00f1o anterior fue de solo 3.305 t.<\/p>\n\n\n\n<p>En datos de a\u00f1o m\u00f3vil, las exportaciones recuperan cuatro puntos porcentuales respecto al mismo dato de febrero, y suavizan su ca\u00edda hasta un -1,1% en los \u00faltimos 12 meses, situ\u00e1ndose en 4.871.858 t.<\/p>\n\n\n\n<p><strong>OFICEMEN \u2013 24 de abril 2025<\/strong><\/p>\n","protected":false},"excerpt":{"rendered":"<p>El consumo de cemento ha crecido un 7,8% en el primer trimestre, lo que sit\u00faa el acumulado en 3.587.540 toneladas, 263.489 t m\u00e1s que en el mismo periodo de 2024, seg\u00fan recogen los \u00faltimos datos publicados en la Estad\u00edstica del Cemento. En marzo, el consumo se ha elevado un 10,4%, que en valores absolutos se [&hellip;]<\/p>\n","protected":false},"author":1,"featured_media":0,"comment_status":"closed","ping_status":"closed","sticky":false,"template":"","format":"standard","meta":{"_uag_custom_page_level_css":"","site-sidebar-layout":"default","site-content-layout":"","ast-site-content-layout":"default","site-content-style":"default","site-sidebar-style":"default","ast-global-header-display":"","ast-banner-title-visibility":"","ast-main-header-display":"","ast-hfb-above-header-display":"","ast-hfb-below-header-display":"","ast-hfb-mobile-header-display":"","site-post-title":"","ast-breadcrumbs-content":"","ast-featured-img":"","footer-sml-layout":"","ast-disable-related-posts":"","theme-transparent-header-meta":"","adv-header-id-meta":"","stick-header-meta":"","header-above-stick-meta":"","header-main-stick-meta":"","header-below-stick-meta":"","astra-migrate-meta-layouts":"set","ast-page-background-enabled":"default","ast-page-background-meta":{"desktop":{"background-color":"var(--ast-global-color-4)","background-image":"","background-repeat":"repeat","background-position":"center center","background-size":"auto","background-attachment":"scroll","background-type":"","background-media":"","overlay-type":"","overlay-color":"","overlay-opacity":"","overlay-gradient":""},"tablet":{"background-color":"","background-image":"","background-repeat":"repeat","background-position":"center center","background-size":"auto","background-attachment":"scroll","background-type":"","background-media":"","overlay-type":"","overlay-color":"","overlay-opacity":"","overlay-gradient":""},"mobile":{"background-color":"","background-image":"","background-repeat":"repeat","background-position":"center center","background-size":"auto","background-attachment":"scroll","background-type":"","background-media":"","overlay-type":"","overlay-color":"","overlay-opacity":"","overlay-gradient":""}},"ast-content-background-meta":{"desktop":{"background-color":"var(--ast-global-color-5)","background-image":"","background-repeat":"repeat","background-position":"center center","background-size":"auto","background-attachment":"scroll","background-type":"","background-media":"","overlay-type":"","overlay-color":"","overlay-opacity":"","overlay-gradient":""},"tablet":{"background-color":"var(--ast-global-color-5)","background-image":"","background-repeat":"repeat","background-position":"center center","background-size":"auto","background-attachment":"scroll","background-type":"","background-media":"","overlay-type":"","overlay-color":"","overlay-opacity":"","overlay-gradient":""},"mobile":{"background-color":"var(--ast-global-color-5)","background-image":"","background-repeat":"repeat","background-position":"center center","background-size":"auto","background-attachment":"scroll","background-type":"","background-media":"","overlay-type":"","overlay-color":"","overlay-opacity":"","overlay-gradient":""}},"footnotes":""},"categories":[9],"tags":[],"class_list":["post-10568","post","type-post","status-publish","format-standard","hentry","category-noticias"],"uagb_featured_image_src":{"full":false,"thumbnail":false,"medium":false,"medium_large":false,"large":false,"1536x1536":false,"2048x2048":false},"uagb_author_info":{"display_name":"UAHE","author_link":"https:\/\/uahe.es\/wordpress\/?author=1"},"uagb_comment_info":0,"uagb_excerpt":"El consumo de cemento ha crecido un 7,8% en el primer trimestre, lo que sit\u00faa el acumulado en 3.587.540 toneladas, 263.489 t m\u00e1s que en el mismo periodo de 2024, seg\u00fan recogen los \u00faltimos datos publicados en la Estad\u00edstica del Cemento. En marzo, el consumo se ha elevado un 10,4%, que en valores absolutos se&hellip;","_links":{"self":[{"href":"https:\/\/uahe.es\/wordpress\/index.php?rest_route=\/wp\/v2\/posts\/10568","targetHints":{"allow":["GET"]}}],"collection":[{"href":"https:\/\/uahe.es\/wordpress\/index.php?rest_route=\/wp\/v2\/posts"}],"about":[{"href":"https:\/\/uahe.es\/wordpress\/index.php?rest_route=\/wp\/v2\/types\/post"}],"author":[{"embeddable":true,"href":"https:\/\/uahe.es\/wordpress\/index.php?rest_route=\/wp\/v2\/users\/1"}],"replies":[{"embeddable":true,"href":"https:\/\/uahe.es\/wordpress\/index.php?rest_route=%2Fwp%2Fv2%2Fcomments&post=10568"}],"version-history":[{"count":1,"href":"https:\/\/uahe.es\/wordpress\/index.php?rest_route=\/wp\/v2\/posts\/10568\/revisions"}],"predecessor-version":[{"id":10569,"href":"https:\/\/uahe.es\/wordpress\/index.php?rest_route=\/wp\/v2\/posts\/10568\/revisions\/10569"}],"wp:attachment":[{"href":"https:\/\/uahe.es\/wordpress\/index.php?rest_route=%2Fwp%2Fv2%2Fmedia&parent=10568"}],"wp:term":[{"taxonomy":"category","embeddable":true,"href":"https:\/\/uahe.es\/wordpress\/index.php?rest_route=%2Fwp%2Fv2%2Fcategories&post=10568"},{"taxonomy":"post_tag","embeddable":true,"href":"https:\/\/uahe.es\/wordpress\/index.php?rest_route=%2Fwp%2Fv2%2Ftags&post=10568"}],"curies":[{"name":"wp","href":"https:\/\/api.w.org\/{rel}","templated":true}]}}