{"id":10508,"date":"2025-03-11T11:07:27","date_gmt":"2025-03-11T10:07:27","guid":{"rendered":"https:\/\/uahe.es\/wordpress\/?p=10508"},"modified":"2025-03-11T11:07:28","modified_gmt":"2025-03-11T10:07:28","slug":"las-constructoras-consideran-imposible-alcanzar-los-objetivos-de-vivienda-que-ha-marcado-el-gobierno","status":"publish","type":"post","link":"https:\/\/uahe.es\/wordpress\/?p=10508","title":{"rendered":"Las constructoras consideran \u00abimposible\u00bb alcanzar los objetivos de vivienda que ha marcado el Gobierno"},"content":{"rendered":"\n<p class=\"has-vivid-red-color has-text-color has-link-color wp-elements-24fefa043b31c784bf6136f6d96abd7f\"><strong><em>El Gobierno reforzar\u00e1 la cesi\u00f3n de casas vac\u00edas al sector p\u00fablico a partir del 2026<\/em><\/strong><\/p>\n\n\n\n<p>La vivienda vuelve a centrar la acci\u00f3n del Gobierno ante un problema que se ha consolidado como la principal preocupaci\u00f3n de los espa\u00f1oles, seg\u00fan el CIS. Con la ley del Suelo paralizada en el Congreso y algunas de las ayudas fiscales comprometidas para impulsar la bajada de precios de los alquileres pendientes a\u00fan de aprobaci\u00f3n, el Ejecutivo&nbsp;empieza a visionar ya el nuevo Plan Estatal de Vivienda que entrar\u00e1 en vigor en enero del 2026. Aunque a\u00fan queda todo por definir y las propuestas iniciales variar\u00e1n en el texto final, el Ministerio dirigido por Isabel Rodr\u00edguez s\u00ed tiene en mente varios pilares que servir\u00e1n de base para un documento que debe ser acordado en la conferencia sectorial de vivienda.<\/p>\n\n\n\n<p>Seg\u00fan explic\u00f3 ayer el secretario de Estado del ramo, David Lucas, ese nuevo Plan Estatal buscar\u00e1 reforzar la posibilidad \u2014ya existente\u2014 de que los propietarios cedan \u00absiempre por un tiempo determinado\u00bb sus viviendas vac\u00edas para que sea la administraci\u00f3n p\u00fablica la que se haga cargo del alquiler de estas a precios asequibles. La iniciativa \u2014sin detallar c\u00f3mo se incentivar\u00eda\u2014 estar\u00eda bien vista desde instituciones como el Banco de Espa\u00f1a, donde en varias ocasiones se han pronunciado a favor de esta v\u00eda como f\u00f3rmula para aumentar el parque de alquiler social en el pa\u00eds. En opini\u00f3n del supervisor, y tambi\u00e9n del Ministerio de Vivienda,&nbsp;uno de los factores por los que muchos propietarios no sacan al mercado del alquiler sus casas&nbsp;vac\u00edas es por miedo a, por ejemplo, los impagos o el destrozo inmobiliario, por lo que esos programas de cesi\u00f3n para que el sector p\u00fablico gestione el proceso ser\u00edan positivos en este sentido.<\/p>\n\n\n\n<p><strong>LA VOZ DE GALICIA \u2013 11 de marzo 2025<\/strong><\/p>\n","protected":false},"excerpt":{"rendered":"<p>El Gobierno reforzar\u00e1 la cesi\u00f3n de casas vac\u00edas al sector p\u00fablico a partir del 2026 La vivienda vuelve a centrar la acci\u00f3n del Gobierno ante un problema que se ha consolidado como la principal preocupaci\u00f3n de los espa\u00f1oles, seg\u00fan el CIS. Con la ley del Suelo paralizada en el Congreso y algunas de las ayudas [&hellip;]<\/p>\n","protected":false},"author":1,"featured_media":0,"comment_status":"closed","ping_status":"closed","sticky":false,"template":"","format":"standard","meta":{"_uag_custom_page_level_css":"","site-sidebar-layout":"default","site-content-layout":"","ast-site-content-layout":"default","site-content-style":"default","site-sidebar-style":"default","ast-global-header-display":"","ast-banner-title-visibility":"","ast-main-header-display":"","ast-hfb-above-header-display":"","ast-hfb-below-header-display":"","ast-hfb-mobile-header-display":"","site-post-title":"","ast-breadcrumbs-content":"","ast-featured-img":"","footer-sml-layout":"","ast-disable-related-posts":"","theme-transparent-header-meta":"","adv-header-id-meta":"","stick-header-meta":"","header-above-stick-meta":"","header-main-stick-meta":"","header-below-stick-meta":"","astra-migrate-meta-layouts":"set","ast-page-background-enabled":"default","ast-page-background-meta":{"desktop":{"background-color":"var(--ast-global-color-4)","background-image":"","background-repeat":"repeat","background-position":"center center","background-size":"auto","background-attachment":"scroll","background-type":"","background-media":"","overlay-type":"","overlay-color":"","overlay-opacity":"","overlay-gradient":""},"tablet":{"background-color":"","background-image":"","background-repeat":"repeat","background-position":"center center","background-size":"auto","background-attachment":"scroll","background-type":"","background-media":"","overlay-type":"","overlay-color":"","overlay-opacity":"","overlay-gradient":""},"mobile":{"background-color":"","background-image":"","background-repeat":"repeat","background-position":"center center","background-size":"auto","background-attachment":"scroll","background-type":"","background-media":"","overlay-type":"","overlay-color":"","overlay-opacity":"","overlay-gradient":""}},"ast-content-background-meta":{"desktop":{"background-color":"var(--ast-global-color-5)","background-image":"","background-repeat":"repeat","background-position":"center center","background-size":"auto","background-attachment":"scroll","background-type":"","background-media":"","overlay-type":"","overlay-color":"","overlay-opacity":"","overlay-gradient":""},"tablet":{"background-color":"var(--ast-global-color-5)","background-image":"","background-repeat":"repeat","background-position":"center center","background-size":"auto","background-attachment":"scroll","background-type":"","background-media":"","overlay-type":"","overlay-color":"","overlay-opacity":"","overlay-gradient":""},"mobile":{"background-color":"var(--ast-global-color-5)","background-image":"","background-repeat":"repeat","background-position":"center center","background-size":"auto","background-attachment":"scroll","background-type":"","background-media":"","overlay-type":"","overlay-color":"","overlay-opacity":"","overlay-gradient":""}},"footnotes":""},"categories":[9],"tags":[],"class_list":["post-10508","post","type-post","status-publish","format-standard","hentry","category-noticias"],"uagb_featured_image_src":{"full":false,"thumbnail":false,"medium":false,"medium_large":false,"large":false,"1536x1536":false,"2048x2048":false},"uagb_author_info":{"display_name":"UAHE","author_link":"https:\/\/uahe.es\/wordpress\/?author=1"},"uagb_comment_info":0,"uagb_excerpt":"El Gobierno reforzar\u00e1 la cesi\u00f3n de casas vac\u00edas al sector p\u00fablico a partir del 2026 La vivienda vuelve a centrar la acci\u00f3n del Gobierno ante un problema que se ha consolidado como la principal preocupaci\u00f3n de los espa\u00f1oles, seg\u00fan el CIS. Con la ley del Suelo paralizada en el Congreso y algunas de las ayudas&hellip;","_links":{"self":[{"href":"https:\/\/uahe.es\/wordpress\/index.php?rest_route=\/wp\/v2\/posts\/10508","targetHints":{"allow":["GET"]}}],"collection":[{"href":"https:\/\/uahe.es\/wordpress\/index.php?rest_route=\/wp\/v2\/posts"}],"about":[{"href":"https:\/\/uahe.es\/wordpress\/index.php?rest_route=\/wp\/v2\/types\/post"}],"author":[{"embeddable":true,"href":"https:\/\/uahe.es\/wordpress\/index.php?rest_route=\/wp\/v2\/users\/1"}],"replies":[{"embeddable":true,"href":"https:\/\/uahe.es\/wordpress\/index.php?rest_route=%2Fwp%2Fv2%2Fcomments&post=10508"}],"version-history":[{"count":1,"href":"https:\/\/uahe.es\/wordpress\/index.php?rest_route=\/wp\/v2\/posts\/10508\/revisions"}],"predecessor-version":[{"id":10509,"href":"https:\/\/uahe.es\/wordpress\/index.php?rest_route=\/wp\/v2\/posts\/10508\/revisions\/10509"}],"wp:attachment":[{"href":"https:\/\/uahe.es\/wordpress\/index.php?rest_route=%2Fwp%2Fv2%2Fmedia&parent=10508"}],"wp:term":[{"taxonomy":"category","embeddable":true,"href":"https:\/\/uahe.es\/wordpress\/index.php?rest_route=%2Fwp%2Fv2%2Fcategories&post=10508"},{"taxonomy":"post_tag","embeddable":true,"href":"https:\/\/uahe.es\/wordpress\/index.php?rest_route=%2Fwp%2Fv2%2Ftags&post=10508"}],"curies":[{"name":"wp","href":"https:\/\/api.w.org\/{rel}","templated":true}]}}