{"id":10504,"date":"2025-03-05T12:06:48","date_gmt":"2025-03-05T11:06:48","guid":{"rendered":"https:\/\/uahe.es\/wordpress\/?p=10504"},"modified":"2025-03-05T12:06:48","modified_gmt":"2025-03-05T11:06:48","slug":"reacciones-del-presidente-de-eurometal-tras-el-dialogo-estrategico-del-acero-celebrado-ayer-en-bruselas","status":"publish","type":"post","link":"https:\/\/uahe.es\/wordpress\/?p=10504","title":{"rendered":"Reacciones del Presidente de Eurometal tras el \u201cDi\u00e1logo Estrat\u00e9gico del Acero\u201d celebrado ayer en Bruselas"},"content":{"rendered":"\n<p>La presidenta de la Comisi\u00f3n Europea, Ursula von der Leyen, ha acogido hoy el Di\u00e1logo Estrat\u00e9gico sobre el Acero, que ha reunido a los principales l\u00edderes del sector industrial para abordar el futuro del sector sider\u00fargico europeo. El presidente de EUROMETAL, Alexander M. Julius, particip\u00f3 en las discusiones, asegur\u00e1ndose de que se escuchara la voz de los distribuidores de acero y los centros de servicio sobre los desaf\u00edos cr\u00edticos de la industria.<\/p>\n\n\n\n<p>EUROMETAL hizo hincapi\u00e9 en que la competencia leal sigue siendo crucial para el sector sider\u00fargico. Sin embargo, teniendo en cuenta los 7,4 millones de personas empleadas en la fabricaci\u00f3n de productos sider\u00fargicos y met\u00e1licos en la UE, es igualmente importante crear unas condiciones de competencia equitativas para este sector. Esto puede lograrse ampliando las medidas de protecci\u00f3n a los productos semiacabados y acabados, que actualmente entran en la UE sin ning\u00fan obst\u00e1culo. Dada la posici\u00f3n de Europa entre Estados Unidos y China, el apoyo a la distribuci\u00f3n, el procesamiento y la fabricaci\u00f3n de la UE es a\u00fan m\u00e1s esencial para fomentar la innovaci\u00f3n y establecer una base para actividades industriales sostenibles.<\/p>\n\n\n\n<p>En un debate posterior con los Comisarios europeos, EUROMETAL tambi\u00e9n reiter\u00f3 su deseo de participar activamente en un grupo de trabajo del MAFC. Esta iniciativa ayudar\u00eda a la Comisi\u00f3n Europea a garantizar que las regulaciones sean viables para los declarantes de la UE, manteniendo as\u00ed un servicio confiable para la industria que utiliza acero de la UE.<\/p>\n\n\n\n<p><strong>EUROMETAL \u2013 4 de marzo 2025<\/strong><\/p>\n","protected":false},"excerpt":{"rendered":"<p>La presidenta de la Comisi\u00f3n Europea, Ursula von der Leyen, ha acogido hoy el Di\u00e1logo Estrat\u00e9gico sobre el Acero, que ha reunido a los principales l\u00edderes del sector industrial para abordar el futuro del sector sider\u00fargico europeo. El presidente de EUROMETAL, Alexander M. Julius, particip\u00f3 en las discusiones, asegur\u00e1ndose de que se escuchara la voz [&hellip;]<\/p>\n","protected":false},"author":1,"featured_media":0,"comment_status":"closed","ping_status":"closed","sticky":false,"template":"","format":"standard","meta":{"_uag_custom_page_level_css":"","site-sidebar-layout":"default","site-content-layout":"","ast-site-content-layout":"default","site-content-style":"default","site-sidebar-style":"default","ast-global-header-display":"","ast-banner-title-visibility":"","ast-main-header-display":"","ast-hfb-above-header-display":"","ast-hfb-below-header-display":"","ast-hfb-mobile-header-display":"","site-post-title":"","ast-breadcrumbs-content":"","ast-featured-img":"","footer-sml-layout":"","ast-disable-related-posts":"","theme-transparent-header-meta":"","adv-header-id-meta":"","stick-header-meta":"","header-above-stick-meta":"","header-main-stick-meta":"","header-below-stick-meta":"","astra-migrate-meta-layouts":"set","ast-page-background-enabled":"default","ast-page-background-meta":{"desktop":{"background-color":"var(--ast-global-color-4)","background-image":"","background-repeat":"repeat","background-position":"center center","background-size":"auto","background-attachment":"scroll","background-type":"","background-media":"","overlay-type":"","overlay-color":"","overlay-opacity":"","overlay-gradient":""},"tablet":{"background-color":"","background-image":"","background-repeat":"repeat","background-position":"center center","background-size":"auto","background-attachment":"scroll","background-type":"","background-media":"","overlay-type":"","overlay-color":"","overlay-opacity":"","overlay-gradient":""},"mobile":{"background-color":"","background-image":"","background-repeat":"repeat","background-position":"center center","background-size":"auto","background-attachment":"scroll","background-type":"","background-media":"","overlay-type":"","overlay-color":"","overlay-opacity":"","overlay-gradient":""}},"ast-content-background-meta":{"desktop":{"background-color":"var(--ast-global-color-5)","background-image":"","background-repeat":"repeat","background-position":"center center","background-size":"auto","background-attachment":"scroll","background-type":"","background-media":"","overlay-type":"","overlay-color":"","overlay-opacity":"","overlay-gradient":""},"tablet":{"background-color":"var(--ast-global-color-5)","background-image":"","background-repeat":"repeat","background-position":"center center","background-size":"auto","background-attachment":"scroll","background-type":"","background-media":"","overlay-type":"","overlay-color":"","overlay-opacity":"","overlay-gradient":""},"mobile":{"background-color":"var(--ast-global-color-5)","background-image":"","background-repeat":"repeat","background-position":"center center","background-size":"auto","background-attachment":"scroll","background-type":"","background-media":"","overlay-type":"","overlay-color":"","overlay-opacity":"","overlay-gradient":""}},"footnotes":""},"categories":[9],"tags":[],"class_list":["post-10504","post","type-post","status-publish","format-standard","hentry","category-noticias"],"uagb_featured_image_src":{"full":false,"thumbnail":false,"medium":false,"medium_large":false,"large":false,"1536x1536":false,"2048x2048":false},"uagb_author_info":{"display_name":"UAHE","author_link":"https:\/\/uahe.es\/wordpress\/?author=1"},"uagb_comment_info":0,"uagb_excerpt":"La presidenta de la Comisi\u00f3n Europea, Ursula von der Leyen, ha acogido hoy el Di\u00e1logo Estrat\u00e9gico sobre el Acero, que ha reunido a los principales l\u00edderes del sector industrial para abordar el futuro del sector sider\u00fargico europeo. El presidente de EUROMETAL, Alexander M. Julius, particip\u00f3 en las discusiones, asegur\u00e1ndose de que se escuchara la voz&hellip;","_links":{"self":[{"href":"https:\/\/uahe.es\/wordpress\/index.php?rest_route=\/wp\/v2\/posts\/10504","targetHints":{"allow":["GET"]}}],"collection":[{"href":"https:\/\/uahe.es\/wordpress\/index.php?rest_route=\/wp\/v2\/posts"}],"about":[{"href":"https:\/\/uahe.es\/wordpress\/index.php?rest_route=\/wp\/v2\/types\/post"}],"author":[{"embeddable":true,"href":"https:\/\/uahe.es\/wordpress\/index.php?rest_route=\/wp\/v2\/users\/1"}],"replies":[{"embeddable":true,"href":"https:\/\/uahe.es\/wordpress\/index.php?rest_route=%2Fwp%2Fv2%2Fcomments&post=10504"}],"version-history":[{"count":1,"href":"https:\/\/uahe.es\/wordpress\/index.php?rest_route=\/wp\/v2\/posts\/10504\/revisions"}],"predecessor-version":[{"id":10505,"href":"https:\/\/uahe.es\/wordpress\/index.php?rest_route=\/wp\/v2\/posts\/10504\/revisions\/10505"}],"wp:attachment":[{"href":"https:\/\/uahe.es\/wordpress\/index.php?rest_route=%2Fwp%2Fv2%2Fmedia&parent=10504"}],"wp:term":[{"taxonomy":"category","embeddable":true,"href":"https:\/\/uahe.es\/wordpress\/index.php?rest_route=%2Fwp%2Fv2%2Fcategories&post=10504"},{"taxonomy":"post_tag","embeddable":true,"href":"https:\/\/uahe.es\/wordpress\/index.php?rest_route=%2Fwp%2Fv2%2Ftags&post=10504"}],"curies":[{"name":"wp","href":"https:\/\/api.w.org\/{rel}","templated":true}]}}