{"id":10338,"date":"2025-01-09T11:31:51","date_gmt":"2025-01-09T10:31:51","guid":{"rendered":"https:\/\/uahe.es\/wordpress\/?p=10338"},"modified":"2025-01-16T10:31:59","modified_gmt":"2025-01-16T09:31:59","slug":"la-ue-se-prepara-para-aranceles-de-hasta-el-20-con-el-regreso-de-trump","status":"publish","type":"post","link":"https:\/\/uahe.es\/wordpress\/?p=10338","title":{"rendered":"La UE se prepara para aranceles de hasta el 20 % con el regreso de Trump"},"content":{"rendered":"\n<p class=\"has-vivid-red-color has-text-color has-link-color wp-elements-1b34d8b2bd90419663e1febe7261cc18\"><strong><em>Ha advertido que Europa \u00abdeber\u00e1 pagar un alto precio\u00bb por vender en EE.UU.<\/em><\/strong><\/p>\n\n\n\n<p>El primer mandato de\u00a0Donald Trump\u00a0estuvo marcado por las decisiones y medidas imprevisibles. El presidente republicano parec\u00eda actuar sin un guion marcado, pero si algo se sabe de su regreso a la\u00a0Casa Blanca\u00a0es que vendr\u00e1 acompa\u00f1ado de\u00a0aranceles\u00a0que afectar\u00e1n a la\u00a0Uni\u00f3n Europea\u00a0(UE) y a\u00a0China. Tan solo veinte d\u00edas despu\u00e9s de ganar las elecciones estadounidenses, Trump anunci\u00f3 su intenci\u00f3n de imponer un<strong>\u00a0<\/strong>gravamen universal de en torno al 10-20 % a todos los productos extranjeros<strong>.<\/strong>\u00a0Esta ofensiva comercial afectar\u00e1 especialmente a los bienes importados desde\u00a0China, a los que quiere imponer\u00a0aranceles del 60 %\u00a0y, en el caso de los autom\u00f3viles importados desde\u00a0M\u00e9xico, baraja que lleguen\u00a0hasta el 200 %. La\u00a0Comisi\u00f3n Europea\u00a0(CE) insiste en que la relaci\u00f3n comercial entre la UE y EE.UU. es de vital importancia para ambas econom\u00edas. Sin embargo, Trump no parece tener miedo a agitar esta alianza.<\/p>\n\n\n\n<p>El comercio bilateral entre los dos bloques se aproxima al bill\u00f3n de euros. Los pa\u00edses europeos exportan al norteamericano autom\u00f3viles, productos farmac\u00e9uticos y qu\u00edmicos, maquinaria industrial y equipos el\u00e9ctricos, productos agr\u00edcolas y bebidas; mientras que importan\u00a0petr\u00f3leo,\u00a0gas natural, componentes de autom\u00f3viles y semiconductores, entre otros.<\/p>\n\n\n\n<p class=\"has-vivid-red-color has-text-color has-link-color wp-elements-8501488804e6588f3a62085f64c0dbf7\"><strong>El foco en la automoci\u00f3n<\/strong><\/p>\n\n\n\n<p>A la espera de que ocupe el despacho oval el pr\u00f3ximo 20 de enero, el presidente electo tiene la vista puesta en uno de los sectores m\u00e1s importantes para la UE: el de la automoci\u00f3n. En octubre, antes de ganar las elecciones, Trump asegur\u00f3 que<strong>\u00a0<\/strong>Europa \u00abva a tener que pagar un alto precio\u00bb si quiere vender coches<strong>\u00a0<\/strong>y otros productos en EE.UU. y amenaz\u00f3 con imponer aranceles si el bloque europeo no aumenta la compra de\u00a0petr\u00f3leo\u00a0y gas estadounidense.<\/p>\n\n\n\n<p>Estas pol\u00edticas podr\u00edan afectar a la relaci\u00f3n comercial entre las dos potencias y asestar\u00edan un\u00a0duro golpe a\u00a0Alemania<strong>,<\/strong>\u00a0la principal econom\u00eda de la UE, y donde la automoci\u00f3n tiene un gran peso dentro del tejido productivo. El pa\u00eds germano est\u00e1 sufriendo, adem\u00e1s, el zarpazo de la\u00a0competencia con los veh\u00edculos el\u00e9ctricos chinos<strong>,<\/strong> m\u00e1s baratos, y enfrenta el reto de la descarbonizaci\u00f3n de su industria.<\/p>\n\n\n\n<p>Trump parece seguir as\u00ed la hoja de ruta que marc\u00f3 en el 2016. Ya en su primer mandato lanz\u00f3 una serie de medidas proteccionistas que afectaron especialmente a los sectores del\u00a0acero y el aluminio\u00a0(con\u00a0impuestos\u00a0del\u00a025 y del 10 %<strong>,<\/strong>\u00a0respectivamente, con exenciones a Canad\u00e1,\u00a0M\u00e9xico\u00a0y otros pa\u00edses); y propuso aumentar los aranceles a los productos chinos y mexicanos.<\/p>\n\n\n\n<p>Su sucesor,\u00a0Joe Biden, no solo no ha dado marcha atr\u00e1s a estas pol\u00edticas sino que ha\u00a0redoblado la lucha contra plataformas chinas\u00a0como Temu y Shein, a las que acusa de \u00abcompetencia desleal\u00bb. Tambi\u00e9n lanz\u00f3 la Ley de Reducci\u00f3n de la\u00a0Inflaci\u00f3n, con la que Washington ha prometido 370.000 millones de d\u00f3lares en subsidios verdes y que ha generado una gran preocupaci\u00f3n en la UE por la posible fuga de empresas europeas a EE.UU.<\/p>\n\n\n\n<p>Esta decisi\u00f3n oblig\u00f3 a la\u00a0Comisi\u00f3n Europea\u00a0a flexibilizar las ayudas de Estado para que los pa\u00edses comunitarios pudiera igualar los incentivos fiscales estadounidenses y as\u00ed mantener sus centros productivos en suelo europeo.<\/p>\n\n\n\n<p>La segunda\u00a0<em>era Trump<\/em>\u00a0llega en un momento especialmente sensible para Europa, que trata de<strong>\u00a0<\/strong>evitar una guerra comercial con Pek\u00edn\u00a0por los\u00a0aranceles europeos a los coches el\u00e9ctricos chinos importados en la UE y que llegan hasta el 35,3 %.<\/p>\n\n\n\n<p class=\"has-vivid-red-color has-text-color has-link-color wp-elements-3c5ed2b558470a8e679888e34a962a77\"><strong>&nbsp;La esperanza, en Mercosur<\/strong><\/p>\n\n\n\n<p>En este contexto, el acuerdo pol\u00edtico en torno a la relaci\u00f3n comercial con los pa\u00edses de Mercosur \u2014 Argentina, Brasil, Uruguay, Paraguay y Bolivia\u2014 es un rayo de esperanza, ya que supondr\u00e1, seg\u00fan\u00a0Bruselas, un\u00a0ahorro de 4.000 millones de euros al a\u00f1o\u00a0en aranceles para las compa\u00f1\u00edas europeas, al\u00a0eliminar el 91 % de los impuestos a los productos de la UE. A falta de que el pacto sea confirmado por los Veintisiete, la presidenta del Ejecutivo comunitario,\u00a0Usula von der Leyen, asegur\u00f3 a principios de mes que esta \u00abno solo es una oportunidad econ\u00f3mica, sino una necesidad pol\u00edtica\u00bb.<\/p>\n\n\n\n<p class=\"has-vivid-red-color has-text-color has-link-color wp-elements-30076dfd0603e5c64b1b4886187a95cc\"><strong>La debilidad europea arrastra al euro a m\u00ednimos de dos a\u00f1os frente al d\u00f3lar<\/strong><\/p>\n\n\n\n<p>El fantasma de la paridad entre el euro y el d\u00f3lar ha resurgido esta semana, tras nuevas referencias macroecon\u00f3micas que han reactivado el temor a un frenazo del crecimiento econ\u00f3mico en la eurozona. Entre ellas, el empeoramiento de la actividad manufacturera en\u00a0Alemania y Francia\u00a0\u00abpenalizada por una ca\u00edda tanto de los pedidos dom\u00e9sticos como los que llegan desde el exterior\u00bb, tal y como advierten los analistas de\u00a0Bankinter. Esa debilidad se ha traducido de forma inmediata en una mayor fortaleza del d\u00f3lar frente al euro, cuyo par ha llegado a\u00a0cotizar en 1,02 d\u00f3lares, m\u00ednimos de dos a\u00f1os\u00a0para la moneda \u00fanica, que amenaza con el riesgo de la paridad si finalmente se confirma la brecha que este 2025 guiar\u00e1 las pol\u00edticas monetarias de los bancos centrales a ambos lados del Atl\u00e1ntico.<\/p>\n\n\n\n<p>Con una econom\u00eda m\u00e1s fuerte y proteccionista con Trump, todo apunta a que EE.UU. tendr\u00e1 que frenar en seco las bajadas de tipos, frente a la previsi\u00f3n de que el BCE se vea obligado a lo contrario: acelerarlas para estimular el crecimiento en la zona.<\/p>\n\n\n\n<p>\u00abUnos tipos m\u00e1s altos en EE.UU. mantendr\u00e1n el d\u00f3lar m\u00e1s fuerte durante m\u00e1s tiempo, lo que afectar\u00e1 negativamente a Europa\u00bb, indican los analistas de eToro. \u00abNo puede descartarse la posibilidad de una paridad entre ambas divisas\u00bb, a\u00f1ade BBVA Research. Y aunque una mayor debilidad del euro puede favorecer la competitividad de las exportaciones v\u00eda precio, para el consumidor significar\u00e1 mayor tensi\u00f3n inflacionista y, por tanto, p\u00e9rdida de poder adquisitivo. Cabe recordar que todo lo que compramos fuera saldr\u00eda m\u00e1s caro como, por ejemplo, la energ\u00eda.<\/p>\n\n\n\n<p><strong>La Voz de Galicia \u2013 5 de enero 2025<\/strong><\/p>\n","protected":false},"excerpt":{"rendered":"<p>Ha advertido que Europa \u00abdeber\u00e1 pagar un alto precio\u00bb por vender en EE.UU. El primer mandato de\u00a0Donald Trump\u00a0estuvo marcado por las decisiones y medidas imprevisibles. El presidente republicano parec\u00eda actuar sin un guion marcado, pero si algo se sabe de su regreso a la\u00a0Casa Blanca\u00a0es que vendr\u00e1 acompa\u00f1ado de\u00a0aranceles\u00a0que afectar\u00e1n a la\u00a0Uni\u00f3n Europea\u00a0(UE) y a\u00a0China. [&hellip;]<\/p>\n","protected":false},"author":1,"featured_media":0,"comment_status":"closed","ping_status":"closed","sticky":false,"template":"","format":"standard","meta":{"_uag_custom_page_level_css":"","site-sidebar-layout":"default","site-content-layout":"","ast-site-content-layout":"default","site-content-style":"default","site-sidebar-style":"default","ast-global-header-display":"","ast-banner-title-visibility":"","ast-main-header-display":"","ast-hfb-above-header-display":"","ast-hfb-below-header-display":"","ast-hfb-mobile-header-display":"","site-post-title":"","ast-breadcrumbs-content":"","ast-featured-img":"","footer-sml-layout":"","ast-disable-related-posts":"","theme-transparent-header-meta":"","adv-header-id-meta":"","stick-header-meta":"","header-above-stick-meta":"","header-main-stick-meta":"","header-below-stick-meta":"","astra-migrate-meta-layouts":"set","ast-page-background-enabled":"default","ast-page-background-meta":{"desktop":{"background-color":"var(--ast-global-color-4)","background-image":"","background-repeat":"repeat","background-position":"center center","background-size":"auto","background-attachment":"scroll","background-type":"","background-media":"","overlay-type":"","overlay-color":"","overlay-opacity":"","overlay-gradient":""},"tablet":{"background-color":"","background-image":"","background-repeat":"repeat","background-position":"center center","background-size":"auto","background-attachment":"scroll","background-type":"","background-media":"","overlay-type":"","overlay-color":"","overlay-opacity":"","overlay-gradient":""},"mobile":{"background-color":"","background-image":"","background-repeat":"repeat","background-position":"center center","background-size":"auto","background-attachment":"scroll","background-type":"","background-media":"","overlay-type":"","overlay-color":"","overlay-opacity":"","overlay-gradient":""}},"ast-content-background-meta":{"desktop":{"background-color":"var(--ast-global-color-5)","background-image":"","background-repeat":"repeat","background-position":"center center","background-size":"auto","background-attachment":"scroll","background-type":"","background-media":"","overlay-type":"","overlay-color":"","overlay-opacity":"","overlay-gradient":""},"tablet":{"background-color":"var(--ast-global-color-5)","background-image":"","background-repeat":"repeat","background-position":"center center","background-size":"auto","background-attachment":"scroll","background-type":"","background-media":"","overlay-type":"","overlay-color":"","overlay-opacity":"","overlay-gradient":""},"mobile":{"background-color":"var(--ast-global-color-5)","background-image":"","background-repeat":"repeat","background-position":"center center","background-size":"auto","background-attachment":"scroll","background-type":"","background-media":"","overlay-type":"","overlay-color":"","overlay-opacity":"","overlay-gradient":""}},"footnotes":""},"categories":[9],"tags":[],"class_list":["post-10338","post","type-post","status-publish","format-standard","hentry","category-noticias"],"uagb_featured_image_src":{"full":false,"thumbnail":false,"medium":false,"medium_large":false,"large":false,"1536x1536":false,"2048x2048":false},"uagb_author_info":{"display_name":"UAHE","author_link":"https:\/\/uahe.es\/wordpress\/?author=1"},"uagb_comment_info":0,"uagb_excerpt":"Ha advertido que Europa \u00abdeber\u00e1 pagar un alto precio\u00bb por vender en EE.UU. El primer mandato de\u00a0Donald Trump\u00a0estuvo marcado por las decisiones y medidas imprevisibles. El presidente republicano parec\u00eda actuar sin un guion marcado, pero si algo se sabe de su regreso a la\u00a0Casa Blanca\u00a0es que vendr\u00e1 acompa\u00f1ado de\u00a0aranceles\u00a0que afectar\u00e1n a la\u00a0Uni\u00f3n Europea\u00a0(UE) y a\u00a0China.&hellip;","_links":{"self":[{"href":"https:\/\/uahe.es\/wordpress\/index.php?rest_route=\/wp\/v2\/posts\/10338","targetHints":{"allow":["GET"]}}],"collection":[{"href":"https:\/\/uahe.es\/wordpress\/index.php?rest_route=\/wp\/v2\/posts"}],"about":[{"href":"https:\/\/uahe.es\/wordpress\/index.php?rest_route=\/wp\/v2\/types\/post"}],"author":[{"embeddable":true,"href":"https:\/\/uahe.es\/wordpress\/index.php?rest_route=\/wp\/v2\/users\/1"}],"replies":[{"embeddable":true,"href":"https:\/\/uahe.es\/wordpress\/index.php?rest_route=%2Fwp%2Fv2%2Fcomments&post=10338"}],"version-history":[{"count":1,"href":"https:\/\/uahe.es\/wordpress\/index.php?rest_route=\/wp\/v2\/posts\/10338\/revisions"}],"predecessor-version":[{"id":10339,"href":"https:\/\/uahe.es\/wordpress\/index.php?rest_route=\/wp\/v2\/posts\/10338\/revisions\/10339"}],"wp:attachment":[{"href":"https:\/\/uahe.es\/wordpress\/index.php?rest_route=%2Fwp%2Fv2%2Fmedia&parent=10338"}],"wp:term":[{"taxonomy":"category","embeddable":true,"href":"https:\/\/uahe.es\/wordpress\/index.php?rest_route=%2Fwp%2Fv2%2Fcategories&post=10338"},{"taxonomy":"post_tag","embeddable":true,"href":"https:\/\/uahe.es\/wordpress\/index.php?rest_route=%2Fwp%2Fv2%2Ftags&post=10338"}],"curies":[{"name":"wp","href":"https:\/\/api.w.org\/{rel}","templated":true}]}}