{"id":10324,"date":"2024-12-17T10:45:35","date_gmt":"2024-12-17T09:45:35","guid":{"rendered":"https:\/\/uahe.es\/wordpress\/?p=10324"},"modified":"2024-12-17T10:45:37","modified_gmt":"2024-12-17T09:45:37","slug":"la-industria-en-europa-no-remonta-y-el-30-de-las-empresas-espera-una-crisis-en-2025","status":"publish","type":"post","link":"https:\/\/uahe.es\/wordpress\/?p=10324","title":{"rendered":"La industria en Europa no remonta y el 30% de las empresas espera una crisis en 2025"},"content":{"rendered":"\n<p class=\"has-vivid-red-color has-text-color has-link-color wp-elements-2e45a75d0814b3f8f2df94c201b32ac3\"><strong><em>Espa\u00f1a y Europa est\u00e1n ante la peor racha para la industria desde 1997<\/em><\/strong><\/p>\n\n\n\n<p>La&nbsp;industria&nbsp;en&nbsp;Europa&nbsp;no termina de arrancar, como muestran los datos del \u00edndice&nbsp;PMI&nbsp;en la&nbsp;zona euro, que muestran en diciembre un dato, una vez m\u00e1s, en&nbsp;contracci\u00f3n. De esta forma, la actividad de las empresas de la eurozona ha cerrado 2024 en negativo, seg\u00fan el dato preliminar del \u00edndice PMI compuesto, que se ha situado en diciembre en 49,5 puntos desde los 48,3 del mes anterior, con&nbsp;Alemania&nbsp;y&nbsp;Francia, las dos mayores econom\u00edas del bloque, como principales lastres de la evoluci\u00f3n de la econom\u00eda del euro.<\/p>\n\n\n\n<p>Encadena la\u00a0industria\u00a0-m\u00e1s all\u00e1 del sector servicios- la\u00a0peor racha\u00a0desde finales de los\u00a0a\u00f1os 90, y seg\u00fan el indicador del\u00a0IFO alem\u00e1n, las expectativas de que entre en\u00a0crisis\u00a0el a\u00f1o que viene superan ya el 30%. Al menos 3 de cada 10 empresas encuestadas creen que el pr\u00f3ximo a\u00f1o ser\u00e1 peor, y tienen unas\u00a0perspectivas negativas\u00a0para la econom\u00eda de la\u00a0eurozona. S\u00f3lo 1 de cada 10 cree que el crecimiento ir\u00e1 a mejor.<\/p>\n\n\n\n<p>En concreto, el dato preliminar del \u00edndice PMI del sector servicios de la zona euro se ha situado en diciembre en 51,4 puntos desde los 49,5 de noviembre -logra incluso crecimiento econ\u00f3mico-, mientras que el&nbsp;PMI manufacturero&nbsp;alcanza los&nbsp;45,2, en l\u00ednea con la lectura del mes anterior.<\/p>\n\n\n\n<p>\u00abEl final del a\u00f1o es un poco m\u00e1s alentador de lo que se esperaba en general\u00bb, ha asegurado&nbsp;Cyrus de la Rubia, economista jefe de&nbsp;Hamburg Commercial Bank, despu\u00e9s de que la actividad del sector servicios haya vuelto a crecer, mientras que el sector manufacturero \u00absigue sumido en una profunda recesi\u00f3n\u00bb.<\/p>\n\n\n\n<p>No obstante, en el mes de diciembre, debido a la ca\u00edda de los nuevos pedidos y de la actividad comercial, las empresas redujeron sus niveles de empleo por quinto mes consecutivo y el ritmo de ajuste se aceler\u00f3 y fue el m\u00e1s pronunciado de los \u00faltimos cuatro a\u00f1os.<\/p>\n\n\n\n<p>De este modo, una s\u00f3lida reducci\u00f3n de las plantillas en el sector manufacturero fue acompa\u00f1ada de casi una paralizaci\u00f3n del empleo en el sector servicios, incluyendo ca\u00eddas en&nbsp;Alemania&nbsp;y&nbsp;Francia, mientras el empleo aument\u00f3 en el resto de la zona euro en su conjunto.<\/p>\n\n\n\n<p>Este lunes se han conocido tambi\u00e9n las lecturas preliminares del PMI compuesto de Alemania, que sube a 47,8 puntos desde 47,2 en noviembre, despu\u00e9s de que el&nbsp;PMI de servicios&nbsp;haya subido a 51 puntos desde los 49,3 del mes anterior, mientras que en el sector manufacturero el PMI ha sido de 42,5, frente a los 43 puntos de noviembre.<\/p>\n\n\n\n<p>De su lado, el PMI compuesto de Francia ha subido en diciembre a 46,7 puntos desde los 45,9 del mes anterior, despu\u00e9s de que el dato de servicios haya alcanzado los 48,2 puntos desde los 46,9 de noviembre, aunque el PMI manufacturero franc\u00e9s se ha hundido a 41,9 desde los 43,1 de noviembre, su peor lectura en 55 meses.<\/p>\n\n\n\n<p>\u00abAlemania y Francia, las dos econom\u00edas m\u00e1s grandes de la zona de la moneda \u00fanica, actualmente atraviesan momentos pol\u00edticamente inciertos. Este hecho impide que se pongan en pr\u00e1ctica las reformas necesarias en el corto plazo para volver a impulsar el crecimiento y est\u00e1 contribuyendo a la persistente debilidad de la econom\u00eda en ambos pa\u00edses\u00bb, apunta Cyrus de la Rubia.<\/p>\n\n\n\n<p><strong>OKDIARIO.COM \u2013 16 de diciembre 2024<\/strong><\/p>\n","protected":false},"excerpt":{"rendered":"<p>Espa\u00f1a y Europa est\u00e1n ante la peor racha para la industria desde 1997 La&nbsp;industria&nbsp;en&nbsp;Europa&nbsp;no termina de arrancar, como muestran los datos del \u00edndice&nbsp;PMI&nbsp;en la&nbsp;zona euro, que muestran en diciembre un dato, una vez m\u00e1s, en&nbsp;contracci\u00f3n. De esta forma, la actividad de las empresas de la eurozona ha cerrado 2024 en negativo, seg\u00fan el dato preliminar [&hellip;]<\/p>\n","protected":false},"author":1,"featured_media":0,"comment_status":"closed","ping_status":"closed","sticky":false,"template":"","format":"standard","meta":{"_uag_custom_page_level_css":"","site-sidebar-layout":"default","site-content-layout":"","ast-site-content-layout":"default","site-content-style":"default","site-sidebar-style":"default","ast-global-header-display":"","ast-banner-title-visibility":"","ast-main-header-display":"","ast-hfb-above-header-display":"","ast-hfb-below-header-display":"","ast-hfb-mobile-header-display":"","site-post-title":"","ast-breadcrumbs-content":"","ast-featured-img":"","footer-sml-layout":"","ast-disable-related-posts":"","theme-transparent-header-meta":"","adv-header-id-meta":"","stick-header-meta":"","header-above-stick-meta":"","header-main-stick-meta":"","header-below-stick-meta":"","astra-migrate-meta-layouts":"set","ast-page-background-enabled":"default","ast-page-background-meta":{"desktop":{"background-color":"var(--ast-global-color-4)","background-image":"","background-repeat":"repeat","background-position":"center center","background-size":"auto","background-attachment":"scroll","background-type":"","background-media":"","overlay-type":"","overlay-color":"","overlay-opacity":"","overlay-gradient":""},"tablet":{"background-color":"","background-image":"","background-repeat":"repeat","background-position":"center center","background-size":"auto","background-attachment":"scroll","background-type":"","background-media":"","overlay-type":"","overlay-color":"","overlay-opacity":"","overlay-gradient":""},"mobile":{"background-color":"","background-image":"","background-repeat":"repeat","background-position":"center center","background-size":"auto","background-attachment":"scroll","background-type":"","background-media":"","overlay-type":"","overlay-color":"","overlay-opacity":"","overlay-gradient":""}},"ast-content-background-meta":{"desktop":{"background-color":"var(--ast-global-color-5)","background-image":"","background-repeat":"repeat","background-position":"center center","background-size":"auto","background-attachment":"scroll","background-type":"","background-media":"","overlay-type":"","overlay-color":"","overlay-opacity":"","overlay-gradient":""},"tablet":{"background-color":"var(--ast-global-color-5)","background-image":"","background-repeat":"repeat","background-position":"center center","background-size":"auto","background-attachment":"scroll","background-type":"","background-media":"","overlay-type":"","overlay-color":"","overlay-opacity":"","overlay-gradient":""},"mobile":{"background-color":"var(--ast-global-color-5)","background-image":"","background-repeat":"repeat","background-position":"center center","background-size":"auto","background-attachment":"scroll","background-type":"","background-media":"","overlay-type":"","overlay-color":"","overlay-opacity":"","overlay-gradient":""}},"footnotes":""},"categories":[9],"tags":[],"class_list":["post-10324","post","type-post","status-publish","format-standard","hentry","category-noticias"],"uagb_featured_image_src":{"full":false,"thumbnail":false,"medium":false,"medium_large":false,"large":false,"1536x1536":false,"2048x2048":false},"uagb_author_info":{"display_name":"UAHE","author_link":"https:\/\/uahe.es\/wordpress\/?author=1"},"uagb_comment_info":0,"uagb_excerpt":"Espa\u00f1a y Europa est\u00e1n ante la peor racha para la industria desde 1997 La&nbsp;industria&nbsp;en&nbsp;Europa&nbsp;no termina de arrancar, como muestran los datos del \u00edndice&nbsp;PMI&nbsp;en la&nbsp;zona euro, que muestran en diciembre un dato, una vez m\u00e1s, en&nbsp;contracci\u00f3n. De esta forma, la actividad de las empresas de la eurozona ha cerrado 2024 en negativo, seg\u00fan el dato preliminar&hellip;","_links":{"self":[{"href":"https:\/\/uahe.es\/wordpress\/index.php?rest_route=\/wp\/v2\/posts\/10324","targetHints":{"allow":["GET"]}}],"collection":[{"href":"https:\/\/uahe.es\/wordpress\/index.php?rest_route=\/wp\/v2\/posts"}],"about":[{"href":"https:\/\/uahe.es\/wordpress\/index.php?rest_route=\/wp\/v2\/types\/post"}],"author":[{"embeddable":true,"href":"https:\/\/uahe.es\/wordpress\/index.php?rest_route=\/wp\/v2\/users\/1"}],"replies":[{"embeddable":true,"href":"https:\/\/uahe.es\/wordpress\/index.php?rest_route=%2Fwp%2Fv2%2Fcomments&post=10324"}],"version-history":[{"count":1,"href":"https:\/\/uahe.es\/wordpress\/index.php?rest_route=\/wp\/v2\/posts\/10324\/revisions"}],"predecessor-version":[{"id":10325,"href":"https:\/\/uahe.es\/wordpress\/index.php?rest_route=\/wp\/v2\/posts\/10324\/revisions\/10325"}],"wp:attachment":[{"href":"https:\/\/uahe.es\/wordpress\/index.php?rest_route=%2Fwp%2Fv2%2Fmedia&parent=10324"}],"wp:term":[{"taxonomy":"category","embeddable":true,"href":"https:\/\/uahe.es\/wordpress\/index.php?rest_route=%2Fwp%2Fv2%2Fcategories&post=10324"},{"taxonomy":"post_tag","embeddable":true,"href":"https:\/\/uahe.es\/wordpress\/index.php?rest_route=%2Fwp%2Fv2%2Ftags&post=10324"}],"curies":[{"name":"wp","href":"https:\/\/api.w.org\/{rel}","templated":true}]}}