{"id":10163,"date":"2024-09-23T10:19:32","date_gmt":"2024-09-23T09:19:32","guid":{"rendered":"https:\/\/uahe.es\/wordpress\/?p=10163"},"modified":"2024-09-23T10:19:33","modified_gmt":"2024-09-23T09:19:33","slug":"la-cuarta-revolucion-industrial-se-tambalea-en-el-deficit-de-productividad","status":"publish","type":"post","link":"https:\/\/uahe.es\/wordpress\/?p=10163","title":{"rendered":"La cuarta revoluci\u00f3n industrial se tambalea en el d\u00e9ficit de productividad"},"content":{"rendered":"\n<p class=\"has-vivid-red-color has-text-color has-link-color wp-elements-277284220ba321ec91a3ca51f7c5d285\"><strong><em>Hiperregulacion, reducido tama\u00f1o del tejido empresarial, escasa inversi\u00f3n en I+D, falta de seguridad jur\u00eddica&#8230; los persistentes s\u00edntomas de la sempiterna dolencia de nuestra econom\u00eda lastran un momento de transformaci\u00f3n decisivo<\/em><\/strong><\/p>\n\n\n\n<p>Espa\u00f1a sufre desde hace d\u00e9cadas una enfermedad silenciosa que repercute de forma negativa en su prosperidad: la baja productividad. Resultado de dividir el Producto Interior Bruto (PIB) por el n\u00famero de ocupados o las horas trabajadas, su comportamiento incide en la capacidad de crecimiento de la econom\u00eda, en su competitividad internacional y en el nivel de vida de los ciudadanos. Como dec\u00eda el premio Nobel Paul Krugman, a largo plazo este indicador lo es casi todo. Sin embargo, nuestro pa\u00eds no termina de dar con la tecla para aprobar, al fin,\u00a0su gran asignatura pendiente\u00a0y, de momento, tampoco aprovecha lo suficiente las oportunidades que brindan en este sentido las nuevas tecnolog\u00edas, lo que a su vez le condena a un tejido empresarial peor preparado para afrontar los desaf\u00edos que plantea la cuarta revoluci\u00f3n industrial.<\/p>\n\n\n\n<p>Diversos estudios ponen cifras al pobre desempe\u00f1o y muestran c\u00f3mo Espa\u00f1a se ha quedado rezagada frente a otras geograf\u00edas. Entre 2000 y 2022, por ejemplo, acumul\u00f3 un retroceso de la productividad total de los factores del 7,3% que contrasta con el alza registrada por potencias como Estados Unidos (15,5%), Alemania (11,8%), Reino Unido (8,8%) o Francia (0,8%), de acuerdo a un informe publicado por la Fundaci\u00f3n BBVA y el Ivie.<\/p>\n\n\n\n<p>Si tomamos como punto de partida 2013, desde ese a\u00f1o hasta 2023, la productividad por ocupado en nuestro pa\u00eds despunt\u00f3 solo un 0,7% frente a la media comunitaria del 5,9%, seg\u00fan un reciente informe del Instituto de Estudios Econ\u00f3micos a partir de informaci\u00f3n de Eurostat, que subraya que el avance nacional es tan limitado que \u00abimplica un cierto estancamiento de este componente que justifica que el mismo deba ser objeto de atenci\u00f3n dentro de nuestra pol\u00edtica econ\u00f3mica\u00bb. El documento revela, adem\u00e1s, que de 2018 a 2023 la variable se desplom\u00f3 en Espa\u00f1a un 1,9% mientras que en dicho periodo se increment\u00f3 un 1,3% en el Viejo Continente. Una brecha, ya cronificada, que responde a una combinaci\u00f3n de elementos y ante la que los expertos piden medidas orientadas a la\u00a0econom\u00eda del conocimiento, al refuerzo del desarrollo tecnol\u00f3gico y a la creaci\u00f3n de un entorno favorable a la inversi\u00f3n.<\/p>\n\n\n\n<figure class=\"wp-block-image size-full is-resized\"><a href=\"https:\/\/uahe.es\/wordpress\/wp-content\/uploads\/2024\/09\/PRODUCTIVIDAD2.png\"><img loading=\"lazy\" decoding=\"async\" width=\"542\" height=\"604\" src=\"https:\/\/uahe.es\/wordpress\/wp-content\/uploads\/2024\/09\/PRODUCTIVIDAD2.png\" alt=\"\" class=\"wp-image-10164\" style=\"width:486px;height:auto\" srcset=\"https:\/\/uahe.es\/wordpress\/wp-content\/uploads\/2024\/09\/PRODUCTIVIDAD2.png 542w, https:\/\/uahe.es\/wordpress\/wp-content\/uploads\/2024\/09\/PRODUCTIVIDAD2-269x300.png 269w\" sizes=\"auto, (max-width: 542px) 100vw, 542px\" \/><\/a><\/figure>\n\n\n\n<p>Gregorio Izquierdo, director de Econom\u00eda de CEOE, considera esencial que exista un clima de seguridad jur\u00eddica que genere confianza porque ello beneficiar\u00e1 a la inversi\u00f3n y esta, a su vez, a la productividad y a la renta per c\u00e1pita a largo plazo. Es este un terreno en el que nuestro pa\u00eds tiene que hacer los deberes porque&nbsp;no ha levantado cabeza desde el Covid. Como recoge el Banco de Espa\u00f1a en su art\u00edculo &#8216;Un an\u00e1lisis desagregado de la inversi\u00f3n empresarial desde el inicio de la pandemia&#8217;, publicado el pasado mes de mayo, esta ha mostrado recientemente una notable debilidad en nuestro pa\u00eds y a\u00fan permanece por debajo de los niveles observados a finales de 2019.<\/p>\n\n\n\n<p>Para Izquierdo, otro aspecto que lastra nuestra productividad es el reducido tama\u00f1o promedio del tejido empresarial. Del total de 2.929.497 compa\u00f1\u00edas que totaliza nuestro pa\u00eds, el 54,74% son pymes sin asalariados, el 45,07% pymes con asalariados (de 1 a 249) y&nbsp;solo el 0,19% grandes. Precisamente, estas \u00faltimas son, en general, m\u00e1s productivas, ya que tienen masa cr\u00edtica para acometer determinadas inversiones, suelen sacarles m\u00e1s provecho, les cuesta menos incorporar nuevas tecnolog\u00edas\u2026 \u00abDebemos favorecer el crecimiento y la expansi\u00f3n de las empresas como mecanismo, a su vez, para mejorar la productividad\u00bb, ahonda.<\/p>\n\n\n\n<p>En lo que se refiere a implementaci\u00f3n de la\u00a0inteligencia artificial, por ejemplo, recuerda que las medianas y grandes organizaciones espa\u00f1olas est\u00e1n por encima incluso de la media de la Uni\u00f3n Europea, pero no ocurre igual con las peque\u00f1as. El Kit Digital, dice, ha sido una iniciativa positiva, aunque \u00abel camino por recorrer es amplio\u00bb y el reto est\u00e1 en utilizar la digitalizaci\u00f3n como palanca de competitividad, crecimiento y expansi\u00f3n.<\/p>\n\n\n\n<p>Como apunta el director de Econom\u00eda de la patronal, entre los aspectos que perjudican nuestra productividad se incluye tambi\u00e9n la inversi\u00f3n en I+D. En 2022 creci\u00f3 por octavo a\u00f1o consecutivo, hasta alcanzar los 19.325 millones de euros, pero su peso en el PIB se situ\u00f3 en el 1,44%, lejos del 2,24% de la UE y muy por detr\u00e1s de vecinos como B\u00e9lgica (3,43%), Suecia (3,4%), Austria (3,2%) o Alemania (3,13%).<\/p>\n\n\n\n<p class=\"has-vivid-red-color has-text-color has-link-color wp-elements-433b6d57256de34aba0c0203b6c7275b\"><strong><em>Palanca de bienestar<\/em><\/strong><\/p>\n\n\n\n<p>De cara a los a\u00f1os venideros, defiende que la \u00fanica manera que tiene Espa\u00f1a de conciliar el previsible\u00a0envejecimiento demogr\u00e1fico, que puede impactar en las tasas de empleo, con la mejora de la renta per c\u00e1pita es priorizando el aumento de la productividad. \u00abSupone actuar en la frontera de la eficiencia, hacer I+D+i, digitalizar, trabajar m\u00e1s formados\u2026 No es f\u00e1cil que se consiga de forma inmediata \u2013subraya\u2013, pero debemos ponerlo como un eje prioritario de la econom\u00eda porque constituye una palanca clave para garantizar el bienestar a futuro\u00bb.<\/p>\n\n\n\n<p>Para Mar\u00eda Jes\u00fas Fern\u00e1ndez, economista s\u00e9nior de Funcas, es importante que, adem\u00e1s de poner el \u00e9nfasis en la I+D, se fortalezca el escal\u00f3n anterior, que es la inclusi\u00f3n en los procesos productivos de las tecnolog\u00edas que ya existen en el mercado. Nuestro pa\u00eds tambi\u00e9n ha de ponerse las pilas en materia formativa para alcanzar ganancias de productividad. Fern\u00e1ndez alude a las deficiencias que arrastramos, a la vista de conclusiones como las del\u00a0Informe PISA, que en su \u00faltima entrega refleja que los conocimientos financieros de los estudiantes espa\u00f1oles han empeorado. En concreto, sus resultados se sit\u00faan\u00a0doce puntos por detr\u00e1s de la media de la OCDE, el &#8216;club de los pa\u00edses ricos&#8217;, cuando hace cuatro a\u00f1os la distancia era de ocho puntos. \u00abEsos j\u00f3venes a los que se eval\u00faa, cuando salgan a trabajar, tendr\u00e1n unas capacidades para resolver problemas sencillos de matem\u00e1ticas muy limitadas\u00bb, comenta.<\/p>\n\n\n\n<p>Por otro lado, recuerda que casi la tercera parte de la poblaci\u00f3n activa en Espa\u00f1a cuenta con un nivel de formaci\u00f3n inferior a la secundaria completa, frente a una media del 20% en la eurozona, o del 17% en la Uni\u00f3n Europea. \u00abPara la productividad de un pa\u00eds, lo relevante es orientarse a\u00a0actividades de mayor contenido tecnol\u00f3gico, que generen valor a\u00f1adido y requieran cualificaci\u00f3n, ya sean de servicios o de industria\u00bb, remata.<\/p>\n\n\n\n<p>Una transici\u00f3n que se complica si la inversi\u00f3n est\u00e1 estancada. \u00abEl principal obst\u00e1culo que perciben es la inseguridad jur\u00eddica, como publica la encuesta a las empresas del Banco de Espa\u00f1a\u00bb, se\u00f1ala Fern\u00e1ndez. \u00abEn este contexto, ni las compa\u00f1\u00edas invierten ni los peque\u00f1os empresarios crecen y, por tanto, no puede haber incorporaci\u00f3n de tecnolog\u00eda ni aumento de la productividad\u00bb, se\u00f1ala como la consecuencia directa.<\/p>\n\n\n\n<p>Asimismo, la economista s\u00e9nior de Funcas advierte sobre dos barreras que, en su opini\u00f3n, deber\u00eda derribar nuestro pa\u00eds para impulsar su productividad: \u00abLas entidades empresariales cada vez soportan m\u00e1s carga impositiva (tributo a la banca, a las energ\u00e9ticas, a los envases de pl\u00e1stico no reutilizables\u2026), adem\u00e1s de una hiperregulaci\u00f3n que, en el caso de Espa\u00f1a, tiene el problema a\u00f1adido de un mercado interior que no est\u00e1 integrado. Es un obst\u00e1culo para el nacimiento de compa\u00f1\u00edas, para su crecimiento y, en definitiva, para que haya dinamismo empresarial\u00bb.<\/p>\n\n\n\n<p class=\"has-vivid-red-color has-text-color has-link-color wp-elements-0a66f8922b9b956d6edfc19434f89b94\"><strong><em>M\u00e1s empresas grandes<\/em><\/strong><\/p>\n\n\n\n<p>El Consejo General de Economistas (CGE) y la Fundaci\u00f3n de Estudios de Econom\u00eda Aplicada (Fedea) han publicado esta semana un informe en el que resumen las sesiones de an\u00e1lisis sobre cuestiones estructurales de la econom\u00eda espa\u00f1ola realizadas por distintos expertos, en el que hay un cap\u00edtulo dedicado a la productividad. \u00abLos bajos niveles de Espa\u00f1a con respecto a los de la Eurozona y su cada vez mayor distanciamiento con respecto a la media de la UE est\u00e1 provocando que nuestro pa\u00eds est\u00e9 perdiendo convergencia con respecto a Europa en t\u00e9rminos de renta y competitividad\u00bb, afirma el documento. Entre los factores relacionados con este problema, las instituciones destacan, entre otros, la escasa y poco competitiva inversi\u00f3n en activos intangibles, los desajustes entre la oferta y la demanda de trabajo, la a\u00fan elevada temporalidad de este y las barreras al acceso a la financiaci\u00f3n para las empresas peque\u00f1as, especialmente para las tecnol\u00f3gicas.<\/p>\n\n\n\n<p>Inmersos en una transformaci\u00f3n digital con un enorme potencial de provocar aumentos en la productividad, Valent\u00edn Pich, presidente del CGE, asegura que la sociedad espa\u00f1ola es muy permeable a los cambios y cuenta con algunas administraciones a la cabeza en el uso de nuevas tecnolog\u00edas, como la Agencia Tributaria, aunque lamenta que la dimensi\u00f3n de nuestras compa\u00f1\u00edas es un freno a la hora de apostar por revoluciones tan en boga como la de la\u00a0inteligencia artificial. \u00abPuede haber empresas peque\u00f1as que la utilicen y hagan proyectos interesantes, pero necesitamos\u00a0ganar volumen\u00a0porque son las grandes las que tienen el m\u00fasculo suficiente como para liberar equipos para experimentar\u00bb. Es un tema capital por todo lo que esta tecnolog\u00eda trae consigo. Para hacerse una idea, la consultora McKinsey estima que a nivel global la inteligencia artificial generativa podr\u00eda permitir un crecimiento de la productividad laboral de\u00a0entre 0,1 y 0,6% anual hasta 2040. Combinando la IA generativa con todas las dem\u00e1s tecnolog\u00edas, la automatizaci\u00f3n del trabajo podr\u00eda a\u00f1adir entre 0,2 y 3,3 puntos porcentuales anuales al crecimiento de la productividad. A juicio de Pich, el salto innovador debe acompa\u00f1arse en nuestro pa\u00eds de medidas legales: \u00abCreo que hay que tratar mejor a las empresas que reinvierten\u00bb.<\/p>\n\n\n\n<p class=\"has-vivid-red-color has-text-color has-link-color wp-elements-610a919b38d6e06875031e3b55fa5819\"><strong><em>Desarrollar tecnolog\u00eda<\/em><\/strong><\/p>\n\n\n\n<p>Juan de Lucio, profesor titular de la Universidad de Alcal\u00e1 de Henares, pone en valor el papel protagonista que las disrupciones desempe\u00f1an en t\u00e9rminos de productividad. \u00abLos pa\u00edses que mejor lo hacen son los que est\u00e1n adoptando las nuevas tecnolog\u00edas m\u00e1s r\u00e1pidamente, como Estados Unidos, que tiene un contexto empresarial m\u00e1s favorable y una mayor aceptaci\u00f3n de la innovaci\u00f3n\u00bb. En Espa\u00f1a, a pesar de que \u00abcontamos con buen capital humano, en muchas ocasiones\u00a0prefiere irse al extranjero\u00a0o incluso teletrabajar desde aqu\u00ed para empresas for\u00e1neas\u00bb, una fuga de cerebros que no ayuda. Entre las tareas que resolver apunta, asimismo, hacia el desarrollo de tecnolog\u00eda y no solo su mera utilizaci\u00f3n: \u00abCon la incorporaci\u00f3n de las herramientas tecnol\u00f3gicas, mejoraremos la productividad nosotros, pero tambi\u00e9n los dem\u00e1s. Quienes obtienen rendimientos mayores de la tecnolog\u00eda son quienes la desarrollan y ah\u00ed se queda el valor a\u00f1adido\u00bb.<\/p>\n\n\n\n<p>Javier Ferri, catedr\u00e1tico de An\u00e1lisis Econ\u00f3mico de la Universidad de Valencia, aclara que las nuevas tecnolog\u00edas &#8216;per se&#8217; no aumentan la productividad. \u00abSi los estudiantes utilizan\u00a0ChatGPT\u00a0para resolver sin ning\u00fan esfuerzo problemas sobre los que antes ten\u00edan que pensar, puede dar la sensaci\u00f3n de que est\u00e1n aumentando su productividad, pues resuelven m\u00e1s problemas en menos tiempo, cuando puede estar sucediendo justo lo contrario, porque su formaci\u00f3n por tiempo dedicado a resolver un problema se reduce\u00bb, comienza por indicar. \u00abLo mismo sucede \u2013contin\u00faa\u2013 si llenamos las casas y las empresas de ordenadores, acceso a internet y m\u00f3viles de \u00faltima generaci\u00f3n si no se utilizan para generar valor a\u00f1adido\u00bb. Lo que la sociedad debe de entender, recalca Ferri, es que \u00ablas nuevas tecnolog\u00edas son una ayuda impresionante para potencialmente mejorar la productividad, pero que, sin la preparaci\u00f3n necesaria de la mano de obra, sin la organizaci\u00f3n adecuada en las empresas, y sin el esfuerzo que se requiere para utilizar las nuevas tecnolog\u00edas como un complemento de mejora del valor a\u00f1adido, su potencial se diluye\u00bb.<\/p>\n\n\n\n<p class=\"has-vivid-red-color has-text-color has-link-color wp-elements-d8def3dc5dd4d3a98a02b898b2c91fb4\"><strong><em>Un an\u00e1lisis m\u00e1s exhaustivo<\/em><\/strong><\/p>\n\n\n\n<p>Javier Ferri, catedr\u00e1tico de An\u00e1lisis Econ\u00f3mico de la Universidad de Valencia, cree que adem\u00e1s del diagn\u00f3stico tradicional (\u00abescasa inversi\u00f3n en I+D, la inversi\u00f3n privada lleva una d\u00e9cada estancada, nuestro capital humano mejora, pero no converge al de los pa\u00edses con mejor formaci\u00f3n de la fuerza de trabajo, la calidad de nuestras instituciones lleva d\u00e9cadas cayendo en los indicadores internacionales&#8230;\u00bb), hay que estudiar lo que sucede en el aspecto organizativo a nivel de empresa. \u00abJunto con empresas muy productivas, encontramos muchas con una productividad muy baja, incluso dentro de la misma rama de actividad. Entender estas diferencias en un concepto tan intangible como la organizaci\u00f3n, o el modo en el que la empresa y los empresarios son capaces de sacar el m\u00e1ximo rendimiento de sus recursos, trabajo y capital, es clave para entender qu\u00e9 est\u00e1 pasando con la productividad\u00bb.<\/p>\n\n\n\n<p>La otra gran revoluci\u00f3n que se va cocinando a fuego lento, pero de manera imparable, es la\u00a0descarbonizaci\u00f3n de la econom\u00eda, que tambi\u00e9n tendr\u00e1 impacto en la productividad. \u00abLa transici\u00f3n energ\u00e9tica y medioambiental es uno de los aspectos que determinar\u00e1 el ritmo de crecimiento econ\u00f3mico en las pr\u00f3ximas d\u00e9cadas, y ah\u00ed Espa\u00f1a est\u00e1 bien situada, porque lleva tiempo invirtiendo en energ\u00edas verdes\u00bb, afirma el catedr\u00e1tico, que deja claro que dicha transici\u00f3n no ser\u00e1 barata y tendr\u00e1 efectos distributivos muy importantes.<\/p>\n\n\n\n<p>\u00abEuropa es el \u00e1rea econ\u00f3mica que m\u00e1s est\u00e1 apostando por renovables, frente a Estados Unidos, por ejemplo, que lleva invirtiendo tiempo en el desarrollo de tecnolog\u00edas que permitan seguir produciendo energ\u00eda contaminante m\u00e1s barata, y tambi\u00e9n menos sucia, cambiando la combinaci\u00f3n de combustibles f\u00f3siles del carb\u00f3n al gas, por ejemplo. El problema es que este \u00faltimo modelo de descarbonizaci\u00f3n tiene un l\u00edmite, que no tienen las renovables\u00bb, matiza.<\/p>\n\n\n\n<p>En Espa\u00f1a, la apuesta por las renovables libera una gran cantidad de recursos econ\u00f3micos que anteriormente se destinaban a la importaci\u00f3n de energ\u00eda. \u00abEl estado deber\u00eda ser capaz de incentivar la movilizaci\u00f3n de estos recursos hacia la inversi\u00f3n en actividades con alto valor a\u00f1adido. Adem\u00e1s, la necesaria\u00a0aceleraci\u00f3n de la descarbonizaci\u00f3n\u00a0requerir\u00e1 continuos aumentos en el coste sobre la producci\u00f3n de emisiones de carbono. Las empresas pueden reaccionar a este aumento de costes haci\u00e9ndose m\u00e1s verdes (lo que requiere inversi\u00f3n en tecnolog\u00eda), haci\u00e9ndose m\u00e1s productivas, o cerrando, cuando no lo consigan\u00bb, sintetiza. En ambos casos, la productividad de la econom\u00eda aumenta, aunque el escenario id\u00f3neo ser\u00eda que lo hiciese con m\u00e1s empresas, y no con menos. \u00abLo que bajo ning\u00fan concepto deber\u00eda hacer el estado es subvencionar empresas que son incapaces de sobrevivir porque su techo de productividad es demasiado bajo, al contrario de lo que s\u00ed debe hacer con los hogares, que es transferir renta a aquellos que van a salir m\u00e1s perjudicados del proceso\u00bb, zanja.<\/p>\n\n\n\n<p>No hay una f\u00f3rmula m\u00e1gica para lograrlo, pero solucionar el problema enquistado de la productividad es uno de los factores que ayudar\u00e1n a Espa\u00f1a a tomar velocidad en la carrera de la cuarta revoluci\u00f3n industrial.<\/p>\n\n\n\n<p><strong>ABC \u2013 22 de septiembre 2024<\/strong><\/p>\n","protected":false},"excerpt":{"rendered":"<p>Hiperregulacion, reducido tama\u00f1o del tejido empresarial, escasa inversi\u00f3n en I+D, falta de seguridad jur\u00eddica&#8230; los persistentes s\u00edntomas de la sempiterna dolencia de nuestra econom\u00eda lastran un momento de transformaci\u00f3n decisivo Espa\u00f1a sufre desde hace d\u00e9cadas una enfermedad silenciosa que repercute de forma negativa en su prosperidad: la baja productividad. Resultado de dividir el Producto Interior [&hellip;]<\/p>\n","protected":false},"author":1,"featured_media":0,"comment_status":"closed","ping_status":"closed","sticky":false,"template":"","format":"standard","meta":{"_uag_custom_page_level_css":"","site-sidebar-layout":"default","site-content-layout":"","ast-site-content-layout":"default","site-content-style":"default","site-sidebar-style":"default","ast-global-header-display":"","ast-banner-title-visibility":"","ast-main-header-display":"","ast-hfb-above-header-display":"","ast-hfb-below-header-display":"","ast-hfb-mobile-header-display":"","site-post-title":"","ast-breadcrumbs-content":"","ast-featured-img":"","footer-sml-layout":"","ast-disable-related-posts":"","theme-transparent-header-meta":"","adv-header-id-meta":"","stick-header-meta":"","header-above-stick-meta":"","header-main-stick-meta":"","header-below-stick-meta":"","astra-migrate-meta-layouts":"set","ast-page-background-enabled":"default","ast-page-background-meta":{"desktop":{"background-color":"var(--ast-global-color-4)","background-image":"","background-repeat":"repeat","background-position":"center center","background-size":"auto","background-attachment":"scroll","background-type":"","background-media":"","overlay-type":"","overlay-color":"","overlay-opacity":"","overlay-gradient":""},"tablet":{"background-color":"","background-image":"","background-repeat":"repeat","background-position":"center center","background-size":"auto","background-attachment":"scroll","background-type":"","background-media":"","overlay-type":"","overlay-color":"","overlay-opacity":"","overlay-gradient":""},"mobile":{"background-color":"","background-image":"","background-repeat":"repeat","background-position":"center center","background-size":"auto","background-attachment":"scroll","background-type":"","background-media":"","overlay-type":"","overlay-color":"","overlay-opacity":"","overlay-gradient":""}},"ast-content-background-meta":{"desktop":{"background-color":"var(--ast-global-color-5)","background-image":"","background-repeat":"repeat","background-position":"center center","background-size":"auto","background-attachment":"scroll","background-type":"","background-media":"","overlay-type":"","overlay-color":"","overlay-opacity":"","overlay-gradient":""},"tablet":{"background-color":"var(--ast-global-color-5)","background-image":"","background-repeat":"repeat","background-position":"center center","background-size":"auto","background-attachment":"scroll","background-type":"","background-media":"","overlay-type":"","overlay-color":"","overlay-opacity":"","overlay-gradient":""},"mobile":{"background-color":"var(--ast-global-color-5)","background-image":"","background-repeat":"repeat","background-position":"center center","background-size":"auto","background-attachment":"scroll","background-type":"","background-media":"","overlay-type":"","overlay-color":"","overlay-opacity":"","overlay-gradient":""}},"footnotes":""},"categories":[1],"tags":[],"class_list":["post-10163","post","type-post","status-publish","format-standard","hentry","category-uncategorized"],"uagb_featured_image_src":{"full":false,"thumbnail":false,"medium":false,"medium_large":false,"large":false,"1536x1536":false,"2048x2048":false},"uagb_author_info":{"display_name":"UAHE","author_link":"https:\/\/uahe.es\/wordpress\/?author=1"},"uagb_comment_info":0,"uagb_excerpt":"Hiperregulacion, reducido tama\u00f1o del tejido empresarial, escasa inversi\u00f3n en I+D, falta de seguridad jur\u00eddica&#8230; los persistentes s\u00edntomas de la sempiterna dolencia de nuestra econom\u00eda lastran un momento de transformaci\u00f3n decisivo Espa\u00f1a sufre desde hace d\u00e9cadas una enfermedad silenciosa que repercute de forma negativa en su prosperidad: la baja productividad. Resultado de dividir el Producto Interior&hellip;","_links":{"self":[{"href":"https:\/\/uahe.es\/wordpress\/index.php?rest_route=\/wp\/v2\/posts\/10163","targetHints":{"allow":["GET"]}}],"collection":[{"href":"https:\/\/uahe.es\/wordpress\/index.php?rest_route=\/wp\/v2\/posts"}],"about":[{"href":"https:\/\/uahe.es\/wordpress\/index.php?rest_route=\/wp\/v2\/types\/post"}],"author":[{"embeddable":true,"href":"https:\/\/uahe.es\/wordpress\/index.php?rest_route=\/wp\/v2\/users\/1"}],"replies":[{"embeddable":true,"href":"https:\/\/uahe.es\/wordpress\/index.php?rest_route=%2Fwp%2Fv2%2Fcomments&post=10163"}],"version-history":[{"count":1,"href":"https:\/\/uahe.es\/wordpress\/index.php?rest_route=\/wp\/v2\/posts\/10163\/revisions"}],"predecessor-version":[{"id":10165,"href":"https:\/\/uahe.es\/wordpress\/index.php?rest_route=\/wp\/v2\/posts\/10163\/revisions\/10165"}],"wp:attachment":[{"href":"https:\/\/uahe.es\/wordpress\/index.php?rest_route=%2Fwp%2Fv2%2Fmedia&parent=10163"}],"wp:term":[{"taxonomy":"category","embeddable":true,"href":"https:\/\/uahe.es\/wordpress\/index.php?rest_route=%2Fwp%2Fv2%2Fcategories&post=10163"},{"taxonomy":"post_tag","embeddable":true,"href":"https:\/\/uahe.es\/wordpress\/index.php?rest_route=%2Fwp%2Fv2%2Ftags&post=10163"}],"curies":[{"name":"wp","href":"https:\/\/api.w.org\/{rel}","templated":true}]}}