{"id":10156,"date":"2024-09-06T10:42:07","date_gmt":"2024-09-06T09:42:07","guid":{"rendered":"https:\/\/uahe.es\/wordpress\/?p=10156"},"modified":"2024-09-06T10:42:08","modified_gmt":"2024-09-06T09:42:08","slug":"la-economia-de-la-eurozona-se-acelera-en-agosto-segun-el-pmi","status":"publish","type":"post","link":"https:\/\/uahe.es\/wordpress\/?p=10156","title":{"rendered":"La econom\u00eda de la eurozona se acelera en agosto, seg\u00fan el PMI"},"content":{"rendered":"\n<p class=\"has-vivid-red-color has-text-color has-link-color wp-elements-623595c4885b9661ccad36eb85138176\"><strong><em>La actividad del sector privado de la zona euro se expandi\u00f3 en agosto a su ritmo m\u00e1s fuerte desde mayo, impulsada por la reactivaci\u00f3n m\u00e1s r\u00e1pida del sector servicios.<\/em><\/strong><\/p>\n\n\n\n<p>La&nbsp;actividad del sector privado&nbsp;de la zona euro se expandi\u00f3 en agosto a su ritmo m\u00e1s fuerte desde mayo, impulsada por la reactivaci\u00f3n m\u00e1s r\u00e1pida del sector servicios, tal y como refleja el&nbsp;\u00edndice PMI compuesto&nbsp;elaborado por Hamburg Commercial Bank y S&amp;P Global, que repunt\u00f3 a los 51 puntos desde los 50,2 de julio.<\/p>\n\n\n\n<p>Aunque dicha alza marc\u00f3 el sexto mes consecutivo de crecimiento, el periodo m\u00e1s largo de expansi\u00f3n en m\u00e1s de dos a\u00f1os, los datos subyacentes han puesto de relieve la \u201cfragilidad econ\u00f3mica\u201d de la zona euro, ya que tanto los&nbsp;nuevos pedidos, el empleo y la confianza empresarial&nbsp;retrocedieron.<\/p>\n\n\n\n<p>Sin embargo, los datos de agosto revelaron que las presiones de costes disminuyeron \u201cmarcadamente\u201d, ya que los precios de los insumos aumentaron al ritmo m\u00e1s lento en lo que va de a\u00f1o hasta la fecha y lo hicieron a una tasa que estuvo en l\u00ednea con su promedio anterior a la pandemia. No obstante, los precios cobrados aumentaron al ritmo m\u00e1s fuerte desde abril, seg\u00fan&nbsp;<em>Europa Press<\/em>.<\/p>\n\n\n\n<p>El crecimiento econ\u00f3mico en el \u00e1rea de la moneda com\u00fan estuvo impulsado en su totalidad por la actividad del sector servicios, que mejor\u00f3 al ritmo m\u00e1s r\u00e1pido en tres meses. La producci\u00f3n manufacturera sigui\u00f3 contray\u00e9ndose, ampliando la actual secuencia de declive fabril a 17 meses.<\/p>\n\n\n\n<p>Despu\u00e9s, por primera vez desde el inicio de 2021,&nbsp;se destruy\u00f3 empleo de forma general, aunque de manera \u201cleve\u201d. La creaci\u00f3n sostenida, pero m\u00e1s lenta, de puestos de trabajo en los servicios solo se vio contrarrestada ligeramente por los ajustes de personal en la industria.<\/p>\n\n\n\n<p>Por pa\u00edses, el&nbsp;sector privado en Francia&nbsp;avanz\u00f3 al ritmo m\u00e1s r\u00e1pido desde mayo de 2022 con 53,1 puntos. A pesar de ello, la segunda econom\u00eda m\u00e1s grande de la zona euro todav\u00eda se qued\u00f3 por detr\u00e1s de&nbsp;Espa\u00f1a, la naci\u00f3n analizada con el mejor resultado PMI tras anotarse 53,5 enteros.<\/p>\n\n\n\n<p>De su lado, tambi\u00e9n se observaron mejores ritmos de crecimiento en&nbsp;Irlanda&nbsp;(52,6) e&nbsp;Italia&nbsp;(50,8), mientras que&nbsp;Alemania&nbsp;volvi\u00f3 a registrar su segunda ca\u00edda consecutiva y arroj\u00f3 una lectura de 48,4 puntos.<\/p>\n\n\n\n<p>\u201cLas repercusiones positivas de los Juegos Ol\u00edmpicos y de los Juegos Paral\u00edmpicos en curso podr\u00edan prolongarse en parte hasta septiembre, pero prevemos que la desaceleraci\u00f3n del crecimiento, que comenz\u00f3 en mayo, se reanude probablemente en los pr\u00f3ximos meses\u201d, ha indicado el economista jefe del Hamburg Commercial Bank, Cyrus de la Rubia, recoge la citada agencia.<\/p>\n\n\n\n<p>\u201cEn lo que respecta al&nbsp;Banco Central Europeo, probablemente est\u00e9 lanzando un peque\u00f1o suspiro de alivio gracias a los \u00faltimos datos de los precios. Aunque las empresas del sector servicios aumentaron ligeramente sus precios en agosto en comparaci\u00f3n con julio, las presiones de los costes en general, especialmente las impulsadas por los salarios, se han ralentizado y es probable que este factor tenga una gran importancia en las consideraciones del BCE\u201d, ha a\u00f1adido.<\/p>\n\n\n\n<p><strong>EL BOLETIN.COM- 4 de septiembre 2024<\/strong><\/p>\n","protected":false},"excerpt":{"rendered":"<p>La actividad del sector privado de la zona euro se expandi\u00f3 en agosto a su ritmo m\u00e1s fuerte desde mayo, impulsada por la reactivaci\u00f3n m\u00e1s r\u00e1pida del sector servicios. La&nbsp;actividad del sector privado&nbsp;de la zona euro se expandi\u00f3 en agosto a su ritmo m\u00e1s fuerte desde mayo, impulsada por la reactivaci\u00f3n m\u00e1s r\u00e1pida del sector [&hellip;]<\/p>\n","protected":false},"author":1,"featured_media":0,"comment_status":"closed","ping_status":"closed","sticky":false,"template":"","format":"standard","meta":{"_uag_custom_page_level_css":"","site-sidebar-layout":"default","site-content-layout":"","ast-site-content-layout":"default","site-content-style":"default","site-sidebar-style":"default","ast-global-header-display":"","ast-banner-title-visibility":"","ast-main-header-display":"","ast-hfb-above-header-display":"","ast-hfb-below-header-display":"","ast-hfb-mobile-header-display":"","site-post-title":"","ast-breadcrumbs-content":"","ast-featured-img":"","footer-sml-layout":"","ast-disable-related-posts":"","theme-transparent-header-meta":"","adv-header-id-meta":"","stick-header-meta":"","header-above-stick-meta":"","header-main-stick-meta":"","header-below-stick-meta":"","astra-migrate-meta-layouts":"set","ast-page-background-enabled":"default","ast-page-background-meta":{"desktop":{"background-color":"var(--ast-global-color-4)","background-image":"","background-repeat":"repeat","background-position":"center center","background-size":"auto","background-attachment":"scroll","background-type":"","background-media":"","overlay-type":"","overlay-color":"","overlay-opacity":"","overlay-gradient":""},"tablet":{"background-color":"","background-image":"","background-repeat":"repeat","background-position":"center center","background-size":"auto","background-attachment":"scroll","background-type":"","background-media":"","overlay-type":"","overlay-color":"","overlay-opacity":"","overlay-gradient":""},"mobile":{"background-color":"","background-image":"","background-repeat":"repeat","background-position":"center center","background-size":"auto","background-attachment":"scroll","background-type":"","background-media":"","overlay-type":"","overlay-color":"","overlay-opacity":"","overlay-gradient":""}},"ast-content-background-meta":{"desktop":{"background-color":"var(--ast-global-color-5)","background-image":"","background-repeat":"repeat","background-position":"center center","background-size":"auto","background-attachment":"scroll","background-type":"","background-media":"","overlay-type":"","overlay-color":"","overlay-opacity":"","overlay-gradient":""},"tablet":{"background-color":"var(--ast-global-color-5)","background-image":"","background-repeat":"repeat","background-position":"center center","background-size":"auto","background-attachment":"scroll","background-type":"","background-media":"","overlay-type":"","overlay-color":"","overlay-opacity":"","overlay-gradient":""},"mobile":{"background-color":"var(--ast-global-color-5)","background-image":"","background-repeat":"repeat","background-position":"center center","background-size":"auto","background-attachment":"scroll","background-type":"","background-media":"","overlay-type":"","overlay-color":"","overlay-opacity":"","overlay-gradient":""}},"footnotes":""},"categories":[9],"tags":[],"class_list":["post-10156","post","type-post","status-publish","format-standard","hentry","category-noticias"],"uagb_featured_image_src":{"full":false,"thumbnail":false,"medium":false,"medium_large":false,"large":false,"1536x1536":false,"2048x2048":false},"uagb_author_info":{"display_name":"UAHE","author_link":"https:\/\/uahe.es\/wordpress\/?author=1"},"uagb_comment_info":0,"uagb_excerpt":"La actividad del sector privado de la zona euro se expandi\u00f3 en agosto a su ritmo m\u00e1s fuerte desde mayo, impulsada por la reactivaci\u00f3n m\u00e1s r\u00e1pida del sector servicios. La&nbsp;actividad del sector privado&nbsp;de la zona euro se expandi\u00f3 en agosto a su ritmo m\u00e1s fuerte desde mayo, impulsada por la reactivaci\u00f3n m\u00e1s r\u00e1pida del sector&hellip;","_links":{"self":[{"href":"https:\/\/uahe.es\/wordpress\/index.php?rest_route=\/wp\/v2\/posts\/10156","targetHints":{"allow":["GET"]}}],"collection":[{"href":"https:\/\/uahe.es\/wordpress\/index.php?rest_route=\/wp\/v2\/posts"}],"about":[{"href":"https:\/\/uahe.es\/wordpress\/index.php?rest_route=\/wp\/v2\/types\/post"}],"author":[{"embeddable":true,"href":"https:\/\/uahe.es\/wordpress\/index.php?rest_route=\/wp\/v2\/users\/1"}],"replies":[{"embeddable":true,"href":"https:\/\/uahe.es\/wordpress\/index.php?rest_route=%2Fwp%2Fv2%2Fcomments&post=10156"}],"version-history":[{"count":1,"href":"https:\/\/uahe.es\/wordpress\/index.php?rest_route=\/wp\/v2\/posts\/10156\/revisions"}],"predecessor-version":[{"id":10157,"href":"https:\/\/uahe.es\/wordpress\/index.php?rest_route=\/wp\/v2\/posts\/10156\/revisions\/10157"}],"wp:attachment":[{"href":"https:\/\/uahe.es\/wordpress\/index.php?rest_route=%2Fwp%2Fv2%2Fmedia&parent=10156"}],"wp:term":[{"taxonomy":"category","embeddable":true,"href":"https:\/\/uahe.es\/wordpress\/index.php?rest_route=%2Fwp%2Fv2%2Fcategories&post=10156"},{"taxonomy":"post_tag","embeddable":true,"href":"https:\/\/uahe.es\/wordpress\/index.php?rest_route=%2Fwp%2Fv2%2Ftags&post=10156"}],"curies":[{"name":"wp","href":"https:\/\/api.w.org\/{rel}","templated":true}]}}