{"id":10097,"date":"2024-07-15T09:36:06","date_gmt":"2024-07-15T08:36:06","guid":{"rendered":"https:\/\/uahe.es\/wordpress\/?p=10097"},"modified":"2024-07-15T09:36:11","modified_gmt":"2024-07-15T08:36:11","slug":"el-gobierno-aprueba-el-martes-el-techo-de-gasto-y-el-nuevo-cuadro-macroeconomico-que-eleva-el-crecimiento","status":"publish","type":"post","link":"https:\/\/uahe.es\/wordpress\/?p=10097","title":{"rendered":"El Gobierno aprueba el martes el techo de gasto y el nuevo cuadro macroecon\u00f3mico, que eleva el crecimiento"},"content":{"rendered":"\n<p class=\"has-vivid-red-color has-text-color has-link-color wp-elements-157259ae5c869e90009fff310976f7ed\"><strong><em>La previsi\u00f3n de PIB para este a\u00f1o se acercar\u00e1 al 2,5 % y tambi\u00e9n se elevar\u00e1 la de 2025 por encima del 2 %<\/em><\/strong><strong><em><\/em><\/strong><\/p>\n\n\n\n<p>El Gobierno aprobar\u00e1 este martes en\u00a0Consejo de Ministros\u00a0el nuevo cuadro macroecon\u00f3mico, que elevar\u00e1 a cerca del 2,5 % la estimaci\u00f3n de crecimiento para este a\u00f1o, y situar\u00e1 previsiblemente por encima del 2 % la estimaci\u00f3n para 2025, mejorando el 1,9 % actual. Junto con el nuevo cuadro macroecon\u00f3mico elaborado por el Ministerio de Econom\u00eda, cuyas renovadas estimaciones se acercar\u00e1n m\u00e1s a las previsiones de analistas nacionales e internacionales, el Ejecutivo dar\u00e1 luz verde al l\u00edmite de gasto no financiero de 2025, conocido como techo de gasto, a propuesta del Ministerio de Hacienda,\u00a0dando as\u00ed el pistoletazo de salida a la elaboraci\u00f3n de los Presupuestos del ejercicio que viene.<\/p>\n\n\n\n<p>La aprobaci\u00f3n del nuevo cuadro y del techo de gasto se producir\u00e1 tan solo un d\u00eda despu\u00e9s de que el\u00a0Consejo de Pol\u00edtica Fiscal y Financiera\u00a0(CPFF) ratifique ma\u00f1ana lunes el d\u00e9ficit del 2,5 % para 2025 y la senda fiscal para los dos a\u00f1os siguientes, 2026 y 2027, cuando el d\u00e9ficit tambi\u00e9n se situar\u00e1 por debajo del 3 %, de acuerdo con las nuevas reglas fiscales de\u00a0Bruselas. El ministro de Econom\u00eda,\u00a0Carlos Cuerpo, se\u00f1al\u00f3 esta semana que\u00a0el Gobierno se estaba quedando \u00abrezagado\u00bb en sus previsiones\u00a0y que no pod\u00eda ser \u00abm\u00e1s pesimista\u00bb que todos los organismos \u00abpor muy prudente\u00bb que quiera ser.\u00a0El ministro ha justificado esta revisi\u00f3n al alza de la estimaci\u00f3n de crecimiento en la \u00abbuena evoluci\u00f3n\u00bb de la econom\u00eda espa\u00f1ola\u00a0en lo que va de a\u00f1o, y siguiendo tambi\u00e9n la estela de otros organismos nacionales e internacionales, que est\u00e1n mejorando sus estimaciones sobre Espa\u00f1a. \u00abViendo la buena evoluci\u00f3n que est\u00e1 teniendo la econom\u00eda en el a\u00f1o 2024, no queda otra sino ir actualizando al alza porque el comportamiento est\u00e1 siendo muy robusto. Ya miremos afiliaciones, al mercado de trabajo, miremos producci\u00f3n industrial, confianza del consumidor,\u00a0todo apunta, efectivamente, a que la econom\u00eda espa\u00f1ola va a tener otro buen a\u00f1o\u00bb, ha destacado Cuerpo esta semana en declaraciones a Capital Radio recogidas por Europa Press.<\/p>\n\n\n\n<p class=\"has-vivid-red-color has-text-color has-link-color wp-elements-f5e2f0cc17fdab42ce996e375b61dfdf\"><strong><em>Aprobar los presupuestos de 2025 en tiempo y forma<\/em><\/strong><\/p>\n\n\n\n<p>Una vez que el Ejecutivo apruebe el techo de gasto, el acuerdo del Consejo de Ministros debe ser ratificado por las Cortes Generales, primero por el Congreso y posteriormente por el Senado, pero&nbsp;el Gobierno ya se ha asegurado que la mayor\u00eda absoluta del PP en la C\u00e1mara Alta no pueda vetar el techo de gasto, como ha sucedido otros ejercicios, y para ello ha eliminado esta facultad del Senado en la Ley de Paridad que ha entrado en vigor recientemente. De esta forma, el Ejecutivo, que no cuenta en el Parlamento con la mayor\u00eda necesaria, conf\u00eda en que sus habituales socios de gobierno ratifiquen el techo de gasto y pueda comenzar as\u00ed a elaborar las cuentas p\u00fablicas del pr\u00f3ximo a\u00f1o, que pretende aprobar en tiempo y forma, toda vez que&nbsp;este a\u00f1o est\u00e1n prorrogados las de 2023.<\/p>\n\n\n\n<p><strong>LA VOZ DE GALICIA &#8211; 14 de julio 2024<\/strong><\/p>\n","protected":false},"excerpt":{"rendered":"<p>La previsi\u00f3n de PIB para este a\u00f1o se acercar\u00e1 al 2,5 % y tambi\u00e9n se elevar\u00e1 la de 2025 por encima del 2 % El Gobierno aprobar\u00e1 este martes en\u00a0Consejo de Ministros\u00a0el nuevo cuadro macroecon\u00f3mico, que elevar\u00e1 a cerca del 2,5 % la estimaci\u00f3n de crecimiento para este a\u00f1o, y situar\u00e1 previsiblemente por encima del [&hellip;]<\/p>\n","protected":false},"author":1,"featured_media":0,"comment_status":"closed","ping_status":"closed","sticky":false,"template":"","format":"standard","meta":{"_uag_custom_page_level_css":"","site-sidebar-layout":"default","site-content-layout":"","ast-site-content-layout":"default","site-content-style":"default","site-sidebar-style":"default","ast-global-header-display":"","ast-banner-title-visibility":"","ast-main-header-display":"","ast-hfb-above-header-display":"","ast-hfb-below-header-display":"","ast-hfb-mobile-header-display":"","site-post-title":"","ast-breadcrumbs-content":"","ast-featured-img":"","footer-sml-layout":"","ast-disable-related-posts":"","theme-transparent-header-meta":"","adv-header-id-meta":"","stick-header-meta":"","header-above-stick-meta":"","header-main-stick-meta":"","header-below-stick-meta":"","astra-migrate-meta-layouts":"set","ast-page-background-enabled":"default","ast-page-background-meta":{"desktop":{"background-color":"var(--ast-global-color-4)","background-image":"","background-repeat":"repeat","background-position":"center center","background-size":"auto","background-attachment":"scroll","background-type":"","background-media":"","overlay-type":"","overlay-color":"","overlay-opacity":"","overlay-gradient":""},"tablet":{"background-color":"","background-image":"","background-repeat":"repeat","background-position":"center center","background-size":"auto","background-attachment":"scroll","background-type":"","background-media":"","overlay-type":"","overlay-color":"","overlay-opacity":"","overlay-gradient":""},"mobile":{"background-color":"","background-image":"","background-repeat":"repeat","background-position":"center center","background-size":"auto","background-attachment":"scroll","background-type":"","background-media":"","overlay-type":"","overlay-color":"","overlay-opacity":"","overlay-gradient":""}},"ast-content-background-meta":{"desktop":{"background-color":"var(--ast-global-color-5)","background-image":"","background-repeat":"repeat","background-position":"center center","background-size":"auto","background-attachment":"scroll","background-type":"","background-media":"","overlay-type":"","overlay-color":"","overlay-opacity":"","overlay-gradient":""},"tablet":{"background-color":"var(--ast-global-color-5)","background-image":"","background-repeat":"repeat","background-position":"center center","background-size":"auto","background-attachment":"scroll","background-type":"","background-media":"","overlay-type":"","overlay-color":"","overlay-opacity":"","overlay-gradient":""},"mobile":{"background-color":"var(--ast-global-color-5)","background-image":"","background-repeat":"repeat","background-position":"center center","background-size":"auto","background-attachment":"scroll","background-type":"","background-media":"","overlay-type":"","overlay-color":"","overlay-opacity":"","overlay-gradient":""}},"footnotes":""},"categories":[9],"tags":[],"class_list":["post-10097","post","type-post","status-publish","format-standard","hentry","category-noticias"],"uagb_featured_image_src":{"full":false,"thumbnail":false,"medium":false,"medium_large":false,"large":false,"1536x1536":false,"2048x2048":false},"uagb_author_info":{"display_name":"UAHE","author_link":"https:\/\/uahe.es\/wordpress\/?author=1"},"uagb_comment_info":0,"uagb_excerpt":"La previsi\u00f3n de PIB para este a\u00f1o se acercar\u00e1 al 2,5 % y tambi\u00e9n se elevar\u00e1 la de 2025 por encima del 2 % El Gobierno aprobar\u00e1 este martes en\u00a0Consejo de Ministros\u00a0el nuevo cuadro macroecon\u00f3mico, que elevar\u00e1 a cerca del 2,5 % la estimaci\u00f3n de crecimiento para este a\u00f1o, y situar\u00e1 previsiblemente por encima del&hellip;","_links":{"self":[{"href":"https:\/\/uahe.es\/wordpress\/index.php?rest_route=\/wp\/v2\/posts\/10097","targetHints":{"allow":["GET"]}}],"collection":[{"href":"https:\/\/uahe.es\/wordpress\/index.php?rest_route=\/wp\/v2\/posts"}],"about":[{"href":"https:\/\/uahe.es\/wordpress\/index.php?rest_route=\/wp\/v2\/types\/post"}],"author":[{"embeddable":true,"href":"https:\/\/uahe.es\/wordpress\/index.php?rest_route=\/wp\/v2\/users\/1"}],"replies":[{"embeddable":true,"href":"https:\/\/uahe.es\/wordpress\/index.php?rest_route=%2Fwp%2Fv2%2Fcomments&post=10097"}],"version-history":[{"count":1,"href":"https:\/\/uahe.es\/wordpress\/index.php?rest_route=\/wp\/v2\/posts\/10097\/revisions"}],"predecessor-version":[{"id":10098,"href":"https:\/\/uahe.es\/wordpress\/index.php?rest_route=\/wp\/v2\/posts\/10097\/revisions\/10098"}],"wp:attachment":[{"href":"https:\/\/uahe.es\/wordpress\/index.php?rest_route=%2Fwp%2Fv2%2Fmedia&parent=10097"}],"wp:term":[{"taxonomy":"category","embeddable":true,"href":"https:\/\/uahe.es\/wordpress\/index.php?rest_route=%2Fwp%2Fv2%2Fcategories&post=10097"},{"taxonomy":"post_tag","embeddable":true,"href":"https:\/\/uahe.es\/wordpress\/index.php?rest_route=%2Fwp%2Fv2%2Ftags&post=10097"}],"curies":[{"name":"wp","href":"https:\/\/api.w.org\/{rel}","templated":true}]}}